{"id":10324,"date":"2012-12-06T18:14:25","date_gmt":"2012-12-06T17:14:25","guid":{"rendered":"http:\/\/de.brandwatch.com\/?p=10324"},"modified":"2024-09-23T18:40:25","modified_gmt":"2024-09-23T16:40:25","slug":"ruckblick-20-social-media-night-stuttgart-uber-gluckskekse-und-twitter-bewerbungen","status":"publish","type":"post","link":"https:\/\/www.brandwatch.com\/de\/blog\/ruckblick-20-social-media-night-stuttgart-uber-gluckskekse-und-twitter-bewerbungen\/","title":{"rendered":"R\u00fcckblick 20. Social Media Night Stuttgart &#8211; \u00fcber Gl\u00fcckskekse und Twitter-Bewerbungen"},"content":{"rendered":"<p style=\"text-align: left;\">In Baden-W\u00fcrttemberg, der Heimat unserer <a title=\"Brandwatch\" href=\"http:\/\/www.brandwatch.de\" target=\"_blank\" rel=\"noopener\">Brandwatch<\/a> Deutschlandzentrale, werden deutschlandweit die meisten Gl\u00fcckskekse produziert. H\u00e4tten Sie es gewusst? Ich nicht. Man lernt eben nie aus und immer viel dazu, u.a. bei der Social Media Night Stuttgart, die gestern Abend bereits zum 20. Mal stattfand.<!--more--><\/p>\n<p>Auch diesmal wurden bei der\u00a0<a title=\"Stuttgart Social Media Night\" href=\"https:\/\/www.facebook.com\/events\/278498588919333\/\" target=\"_blank\" rel=\"noopener\">Social Media Night<\/a>\u00a0zwei \u00e4u\u00dferst spannende Vortr\u00e4ge geboten. Den Auftakt machte Andreas Sch\u00fcle, Leiter des Referats Landesmarketing im Staatsministerium Baden-W\u00fcrttemberg, mit \u201eLandesmarketing 2.0 \u2013 Die Werbe- und Sympathiekampagne des Landes Baden-W\u00fcrttemberg erfindet sich neu\u201c. Er zeigte pfiffige Ans\u00e4tze auf, mit denen das L\u00e4ndle Fachkr\u00e4fte aus anderen Bundesl\u00e4ndern anziehen m\u00f6chte. Das Portal\u00a0<a title=\"bw-jetzt.de\" href=\"http:\/\/www.bw-jetzt.de\/\" target=\"_blank\" rel=\"noopener\">bw-jetzt.de<\/a>\u00a0ist ein zentraler Baustein der Kampagne und birgt unter anderem den <a title=\"Gl\u00fcckskeksgenerator\" href=\"http:\/\/www.bw-jetzt.de\/glueckskekse.html\" target=\"_blank\" rel=\"noopener\">Gl\u00fcckskeksgenerator<\/a>. Interessant war auch der Hinweis zur Zufriedenheitsgarantie: Jeder, dem es in BaW\u00fc nicht gef\u00e4llt, bekommt seinen <a title=\"Zufriedenheitsgarantie\" href=\"http:\/\/www.flickr.com\/photos\/bwjetzt\/7898862568\/in\/photostream\/lightbox\/\" target=\"_blank\" rel=\"noopener\">Umzug zur\u00fcckgezahlt<\/a>\u00a0&#8211; es gibt auch Kleingedrucktes, aber das ist schwer zu entziffern :) Alles in allem eine gelungene Kampagne mit viel <a title=\"L\u00e4ndlepower\" href=\"https:\/\/twitter.com\/search?q=%23l\u00e4ndlepower\" target=\"_blank\" rel=\"noopener\">#L\u00e4ndlepower<\/a>.<\/p>\n<p><a href=\"https:\/\/www.brandwatch.com\/de\/wp-content\/uploads\/brandwatch\/SMN-Klaus-Eck.jpg\" rel=\"shadowbox\"><img loading=\"lazy\" decoding=\"async\" class=\"aligncenter\" title=\"SMN Klaus Eck\" src=\"https:\/\/www.brandwatch.com\/de\/wp-content\/uploads\/brandwatch\/SMN-Klaus-Eck.jpg\" alt=\"\" width=\"800\" height=\"541\" \/><\/a><\/p>\n<p style=\"text-align: center;\"><em>Abb. 1: Klaus Eck auf der Social Media Night Stuttgart<\/em><\/p>\n<p>Im Anschluss folgte Kommunikationsberater, Autor und Blogger\u00a0<a href=\"https:\/\/www.xing.com\/profile\/Klaus_Eck?key=0.0\" target=\"_blank\" rel=\"nofollow noopener\">Klaus Eck<\/a>\u00a0mit dem Thema\u00a0\u201eSocial Selling &#8211; geht das?\u201c. Nachdem\u00a0Andreas Sch\u00fcle in aller Ausf\u00fchrlichkeit erkl\u00e4rt hatte, wie das Land Baden-W\u00fcrttemberg Fachkr\u00e4fte aus anderen Bundesl\u00e4ndern gewinnen m\u00f6chte, begann Klaus Eck seinen Vortrag mit einer Story \u00fcber Bewerbungen via Twitter &#8211; und dar\u00fcber, wie er sich mit <a title=\"Bewerbung via Twitter\" href=\"http:\/\/pr-blogger.de\/2010\/01\/13\/bewerbung-via-twitter\/\" target=\"_blank\" rel=\"noopener\">diesem Konzept<\/a> eine Fachkraft aus Stuttgart f\u00fcr seine M\u00fcnchner Agentur geangelt hat. #Bavariapower sticht #L\u00e4ndlepower? Und schon ging es weiter mit diversen Thesen rund um den aktuellen Status zu Social Selling und um Social Selling der Zukunft. Storytelling, Pers\u00f6nlichkeit zeigen und Kommunikation in Echtzeit sind einige der entscheidenden Faktoren. Blogbeitrag und Pr\u00e4sentation zum Vortrag von Klaus Eck sind <a title=\"Klaus Eck Vortrag\" href=\"http:\/\/pr-blogger.de\/2012\/12\/05\/social-selling-geht-das\/\" target=\"_blank\" rel=\"noopener\">hier zu finden<\/a>.<\/p>\n<p>Und jeder der sich fragt, wie denn nun der Social Buzz von gestern Abend aussah: Brandwatch hat wieder ein paar schicke Zahlen f\u00fcr uns gezaubert. Insgesamt gab es am gestrigen Tag 1.057 Mentions zur Social Media Night Stuttgart. 1.048 davon mit dem Hashtag <a title=\"#smcst\" href=\"https:\/\/twitter.com\/search?q=%23smcst\" target=\"_blank\" rel=\"noopener\">#smcst<\/a>\u00a0&#8211;\u00a0fast doppelt so viele wie zur <a title=\"R\u00fcckblick 19. Social Media Night\" href=\"http:\/\/de.brandwatch.com\/2012\/11\/ruckblick-19-social-media-night-stuttgart-uber-fusball-einen-eimer-und-ein-bisschen-karaoke\/\" target=\"_blank\" rel=\"noopener\">19. Social Media Night<\/a>. Twitter-Hochzeit war um 20Uhr &#8211; p\u00fcnktlich zu Beginn der Vortr\u00e4ge:<\/p>\n<p><a href=\"https:\/\/www.brandwatch.com\/de\/wp-content\/uploads\/brandwatch\/Mentions-pro-Stunde2.png\" rel=\"shadowbox\"><img loading=\"lazy\" decoding=\"async\" class=\"aligncenter\" title=\"Mentions pro Stunde\" src=\"https:\/\/www.brandwatch.com\/de\/wp-content\/uploads\/brandwatch\/Mentions-pro-Stunde2.png\" alt=\"\" width=\"815\" height=\"376\" \/><\/a><\/p>\n<p style=\"text-align: center;\"><em>Abb. 2: Mentions pro Stunde zum SMCST am 05.12.2012<\/em><\/p>\n<p style=\"text-align: left;\">Ob <a title=\"Twitter wspresso\" href=\"https:\/\/twitter.com\/wspresso\" target=\"_blank\" rel=\"noopener\">wspresso<\/a>, <a title=\"Twitter milesboard\" href=\"https:\/\/twitter.com\/milesboard\" target=\"_blank\" rel=\"noopener\">milesboard<\/a> und <a title=\"Twitter infodesignerin\" href=\"https:\/\/twitter.com\/infodesignerin\" target=\"_blank\" rel=\"noopener\">infodesignerin<\/a> wohl Muskelkater vom Twittern haben? Sie bilden zumindest die Top 3 in unserer Top-Tweeter-Aufstellung:<\/p>\n<p><a href=\"https:\/\/www.brandwatch.com\/de\/wp-content\/uploads\/brandwatch\/export_Social_Media_Night_Stuttgart_from_4-Dec_to_6-Dec_1267px.png\" rel=\"shadowbox\"><img loading=\"lazy\" decoding=\"async\" class=\"alignleft size-full wp-image-10347\" title=\"Top 15 Tweeter\" src=\"https:\/\/www.brandwatch.com\/de\/wp-content\/uploads\/brandwatch\/export_Social_Media_Night_Stuttgart_from_4-Dec_to_6-Dec_1267px.png\" alt=\"\" width=\"1267\" height=\"400\" \/><\/a><\/p>\n<p style=\"text-align: center;\">\u00a0<em>Abb. 3: Top 15 Tweeter vom SMCST am 05.12.2012<\/em><\/p>\n<p>Last but not least die Topic Cloud vom gestrigen Abend:<\/p>\n<p><a href=\"https:\/\/www.brandwatch.com\/de\/wp-content\/uploads\/brandwatch\/Topic-Cloud3.png\" rel=\"shadowbox\"><img loading=\"lazy\" decoding=\"async\" class=\"size-full wp-image-10349 aligncenter\" title=\"Topic Cloud\" src=\"https:\/\/www.brandwatch.com\/de\/wp-content\/uploads\/brandwatch\/Topic-Cloud3.png\" alt=\"\" width=\"822\" height=\"486\" \/><\/a><\/p>\n<p style=\"text-align: center;\"><em>Abb. 4: Topic Cloud vom SMCST am 05.12.2012<\/em><\/p>\n<p>Das Mercedes-Benz Museum wird als Veranstaltungslocation immer gerne genannt. BWjetzt, Landesmarketing, Social Selling und Klaus Eck selbst wurden dar\u00fcber hinaus am h\u00e4ufigsten auf Twitter &amp; Co. besprochen.<\/p>\n<p>Nat\u00fcrlich gibt es auch f\u00fcr dieses\u00a0<a title=\"Brandwatch Events\" href=\"http:\/\/de.brandwatch.com\/demo\/events\/\" target=\"_blank\" rel=\"noopener\">Event<\/a>\u00a0unsere Bewertungspunkte (\u201cFachlich\u201d meint \u00fcbrigens \u201cSocial Media-Themen\u201d):<br \/>\nFachlich: 5\/5<br \/>\nBusiness: 4\/5<br \/>\nNetworking: 5\/5<br \/>\nSpa\u00df: 5\/5<\/p>\n<p>Die n\u00e4chste Social Media Night Stuttgart findet am 09.01.2013 statt.\u00a0Tickets\u00a0sind ab sofort via <a title=\"Tickets 21. Social Media Night Stuttgart\" href=\"https:\/\/www.xing.com\/events\/21-social-media-night-stuttgart-9-1-2013-1176508\" target=\"_blank\" rel=\"noopener\">XING &amp; amiando<\/a> erh\u00e4ltlich. Wir von Brandwatch sind gerne wieder mit dabei und freuen uns!<\/p>\n<div><\/div>\n","protected":false},"excerpt":{"rendered":"<p>In Baden-W\u00fcrttemberg, der Heimat unserer Brandwatch Deutschlandzentrale, werden deutschlandweit die meisten Gl\u00fcckskekse produziert. H\u00e4tten Sie es gewusst? Ich nicht. Man lernt eben nie aus und immer viel dazu, u.a. bei der Social Media Night Stuttgart, die gestern Abend bereits zum 20. Mal stattfand.<\/p>\n","protected":false},"author":161,"featured_media":21607,"comment_status":"closed","ping_status":"closed","sticky":false,"template":"","format":"standard","meta":{"_acf_changed":false},"categories":[565],"tags":[578,577,575,427],"class_list":["post-10324","post","type-post","status-publish","format-standard","has-post-thumbnail","hentry","category-events-2","tag-baden-wuerttemberg","tag-bwjetzt","tag-smcst","tag-stuttgart-2"],"acf":[],"_links":{"self":[{"href":"https:\/\/www.brandwatch.com\/de\/wp-json\/wp\/v2\/posts\/10324","targetHints":{"allow":["GET"]}}],"collection":[{"href":"https:\/\/www.brandwatch.com\/de\/wp-json\/wp\/v2\/posts"}],"about":[{"href":"https:\/\/www.brandwatch.com\/de\/wp-json\/wp\/v2\/types\/post"}],"author":[{"embeddable":true,"href":"https:\/\/www.brandwatch.com\/de\/wp-json\/wp\/v2\/users\/161"}],"replies":[{"embeddable":true,"href":"https:\/\/www.brandwatch.com\/de\/wp-json\/wp\/v2\/comments?post=10324"}],"version-history":[{"count":0,"href":"https:\/\/www.brandwatch.com\/de\/wp-json\/wp\/v2\/posts\/10324\/revisions"}],"wp:featuredmedia":[{"embeddable":true,"href":"https:\/\/www.brandwatch.com\/de\/wp-json\/wp\/v2\/media\/21607"}],"wp:attachment":[{"href":"https:\/\/www.brandwatch.com\/de\/wp-json\/wp\/v2\/media?parent=10324"}],"wp:term":[{"taxonomy":"category","embeddable":true,"href":"https:\/\/www.brandwatch.com\/de\/wp-json\/wp\/v2\/categories?post=10324"},{"taxonomy":"post_tag","embeddable":true,"href":"https:\/\/www.brandwatch.com\/de\/wp-json\/wp\/v2\/tags?post=10324"}],"curies":[{"name":"wp","href":"https:\/\/api.w.org\/{rel}","templated":true}]}}