{"id":10425,"date":"2013-01-10T17:21:59","date_gmt":"2013-01-10T16:21:59","guid":{"rendered":"http:\/\/de.brandwatch.com\/?p=10425"},"modified":"2024-09-23T18:40:35","modified_gmt":"2024-09-23T16:40:35","slug":"ruckblick-zur-21-social-media-night-stuttgart","status":"publish","type":"post","link":"https:\/\/www.brandwatch.com\/de\/blog\/ruckblick-zur-21-social-media-night-stuttgart\/","title":{"rendered":"R\u00fcckblick zur 21. Social Media Night Stuttgart"},"content":{"rendered":"<p>Die <a title=\"Social Media Night Stuttgart\" href=\"https:\/\/www.xing.com\/events\/21-social-media-night-stuttgart-9-1-2013-1176508\" target=\"_blank\" rel=\"noopener\">Social Media Night Stuttgart<\/a> ist gestern Abend gut ins neue Jahr gestartet. Wir von Brandwatch waren mit dabei und haben uns nat\u00fcrlich wieder angeschaut, was im Social Web rund um das Event gezwitschert wurde.<!--more--><\/p>\n<p>Den Auftakt machte Rechtsanwalt <a title=\"Twitter Dr. Carsten Ulbricht\" href=\"http:\/\/twitter.com\/intertainment\" target=\"_blank\" rel=\"noopener\">Dr. Carsten Ulbricht<\/a> mit einem Spontanvortrag zu einem Thema, das aktuell f\u00fcr Verunsicherung bei vielen Unternehmen sorgt: den Abmahnungen wegen Facebook-Vorschaubildern. Wer mehr dazu erfahren m\u00f6chte, kann sich <a title=\"Risiken und Richtlinien\" href=\"http:\/\/www.rechtzweinull.de\/archives\/741-Social-Media-Sharing-Policy-Richtlinien-fuer-mehr-Rechtssicherheit-beim-Teilen-auf-Twitter,-Facebook-Co.html\" target=\"_blank\" rel=\"noopener\">in seinem Blog<\/a> \u00fcber rechtliche Risiken und Richtlinien beim Teilen von Inhalten informieren.<\/p>\n<p>Es folgte <a title=\"Dr. Torsten Ambs\" href=\"https:\/\/www.xing.com\/profile\/Torsten_Ambs?key=0.0\" target=\"_blank\" rel=\"noopener\">Dr. Torsten Ambs<\/a>\u00a0von Mind Store Marketing und erkl\u00e4rte mit einem wohl neuen Rekord in W\u00f6rtern pro Minute, warum Top-Manager ihr Social Media Know-How von ihren 14-j\u00e4hrigen T\u00f6chtern beziehen sollten.<\/p>\n<p><img loading=\"lazy\" decoding=\"async\" class=\"size-full wp-image-10426 aligncenter\" title=\"21. Social Media Night\" src=\"https:\/\/www.brandwatch.com\/de\/wp-content\/uploads\/2013\/01\/21.-Social-Media-Night1.png\" alt=\"\" width=\"570\" height=\"320\" \/><\/p>\n<p style=\"text-align: center;\">\u00a0<em style=\"text-align: center;\">Abb. 1: Vortrag von Dr. Torsten Ambs<\/em><\/p>\n<p>Den kr\u00f6nenden Abschluss bildete\u00a0<a href=\"https:\/\/www.xing.com\/profile\/Alexander_Broj?key=0.0\" target=\"_blank\" rel=\"nofollow noopener\">Alexander Broj<\/a>\u00a0von IBM mit dem Vortrag\u00a0&#8222;F\u00fchren durch Vernetzung &#8211; Social Networking im Unternehmensalltag&#8220;. Im Fokus stand unter anderem die Pr\u00e4sentation der Ergebnisse der <a title=\"IBM CEO Studie\" href=\"http:\/\/www-935.ibm.com\/services\/de\/ceo\/ceostudy\/\" target=\"_blank\" rel=\"noopener\">CEO-<\/a> und <a title=\"CMO-Studie IBM\" href=\"http:\/\/www-935.ibm.com\/services\/us\/cmo\/cmostudy2011\/cmo-registration.html\" target=\"_blank\" rel=\"noopener\">CMO-Studien<\/a> von IBM.<\/p>\n<p>Und nun zum Social Buzz, den wir mit unserem <a title=\"Brandwatch\" href=\"http:\/\/www.brandwatch.de\" target=\"_blank\" rel=\"noopener\">Social Media Monitoring Tool<\/a> Brandwatch ermittelt haben: Insgesamt gab es 984 Mentions rund um das gestrige Event, etwa 100 Mentions weniger als bei der vergangenen <a title=\"20. Social Media Night\" href=\"http:\/\/de.brandwatch.com\/2012\/12\/ruckblick-20-social-media-night-stuttgart-uber-gluckskekse-und-twitter-bewerbungen\/\" target=\"_blank\" rel=\"noopener\">Social Media Night<\/a>. Twitter hatte nat\u00fcrlich wieder mit Abstand die Nase vorn: 975 Tweets wurden mit dem Hashtag #SCMST abgesetzt. Zwischen 19Uhr und 20Uhr gl\u00fchten die Twitter-Daumen am hei\u00dfesten.<\/p>\n<p><a href=\"https:\/\/www.brandwatch.com\/de\/wp-content\/uploads\/2013\/01\/Bildschirmfoto-2013-01-10-um-15.43.331.png\" rel=\"shadowbox\"><img loading=\"lazy\" decoding=\"async\" class=\"size-full wp-image-10429 aligncenter\" title=\"Mentions pro Stunde\" src=\"https:\/\/www.brandwatch.com\/de\/wp-content\/uploads\/2013\/01\/Bildschirmfoto-2013-01-10-um-15.43.331.png\" alt=\"\" width=\"949\" height=\"407\" \/><\/a><\/p>\n<p style=\"text-align: center;\"><em>Abb. 2: Mentions pro Stunde zum SMCST am 09.01.2013<\/em><\/p>\n<p>Die Top-Tweeter Medaillen in gold, silber und bronze gehen diesmal an <a title=\"Twitter andgenth\" href=\"http:\/\/twitter.com\/andgenth\" target=\"_blank\" rel=\"noopener\">@andgenth<\/a>, <a title=\"Twitter milesboard\" href=\"http:\/\/twitter.com\/milesboard\" target=\"_blank\" rel=\"noopener\">@milesboard<\/a> und <a title=\"Twitter _teecee\" href=\"http:\/\/twitter.com\/_teecee\" target=\"_blank\" rel=\"noopener\">@_teecee<\/a>. Herzlichen Gl\u00fcckwunsch!<\/p>\n<p><a href=\"https:\/\/www.brandwatch.com\/de\/wp-content\/uploads\/2013\/01\/export_Social_Media_Night_Stuttgart_from_9-Jan_to_9-Jan_1036px1.png\" rel=\"shadowbox\"><img loading=\"lazy\" decoding=\"async\" class=\"size-full wp-image-10427 aligncenter\" title=\"Top 15 Tweeter\" src=\"https:\/\/www.brandwatch.com\/de\/wp-content\/uploads\/2013\/01\/export_Social_Media_Night_Stuttgart_from_9-Jan_to_9-Jan_1036px1.png\" alt=\"\" width=\"1036\" height=\"473\" \/><\/a><\/p>\n<p style=\"text-align: center;\">\u00a0<em>Abb. 3: Top 15 Tweeter vom SMCST am 09.01.2013<\/em><\/p>\n<p>Neben dem Mercedes Benz Museum, der Location des Events und gleichzeitig dem Evergreen in der Social Media Night Topic Cloud, hat es diesmal auch der Kurzvortrag von Dr. Carsten Ulbricht gleich mit drei Nennungen in die Wortwolke geschafft. Auch die beiden anderen Referenten sind recht pr\u00e4sent vertreten. Wer sich fragt, warum das Wort <a title=\"Monitoring\" href=\"http:\/\/de.brandwatch.com\/social-media-monitoring\/monitoring-interaktion\/\" target=\"_blank\" rel=\"noopener\">&#8222;Monitoring&#8220;<\/a> in der Topic Cloud erscheint, liest diesen Blogpost einfach bis zum Ende :)<\/p>\n<p style=\"text-align: center;\"><a href=\"https:\/\/www.brandwatch.com\/de\/wp-content\/uploads\/2013\/01\/Bildschirmfoto-2013-01-10-um-15.33.431.png\" rel=\"shadowbox\"><img loading=\"lazy\" decoding=\"async\" class=\"size-full wp-image-10428 aligncenter\" title=\"Topic Cloud\" src=\"https:\/\/www.brandwatch.com\/de\/wp-content\/uploads\/2013\/01\/Bildschirmfoto-2013-01-10-um-15.33.431.png\" alt=\"\" width=\"824\" height=\"458\" \/><\/a><em style=\"text-align: center;\">Abb. 4: Topic Cloud vom SMCST am 09.01.2013<\/em><\/p>\n<p>Twitter ist \u00fcbrigens in der Topic Cloud aufgrund des folgenden Tweets von <a title=\"Twitter mfg_innovation\" href=\"https:\/\/twitter.com\/mfg_innovation\" target=\"_blank\" rel=\"nofollow noopener\" data-screen-name=\"mfg_innovation\">mfg_innovation<\/a>\u00a0so stark vertreten, der mehrfach zitiert und retweeted wurde:\u00a0<em>&#8222;Seit\u00a0Twitter\u00a0ist Fernsehen auch nur noch ein H\u00f6rspiel&#8220; &#8211; zu sch\u00f6n, um es nicht zu zitieren\u00a0<a title=\"#smcst\" href=\"https:\/\/twitter.com\/#!\/search?q=%23smcst\" target=\"_blank\" rel=\"nofollow noopener\">#smcst<\/a><\/em><\/p>\n<p>Wer noch mehr Informationen zum gestrigen Abend\u00a0w\u00fcnscht, dem sind die Fotos auf\u00a0<a title=\"Fotos 21. Social Media Night\" href=\"https:\/\/www.facebook.com\/media\/set\/?set=a.487246344659070.138288.148794228504285&amp;type=3&amp;l=50e30aad20\" target=\"_blank\" rel=\"noopener\">Facebook<\/a> und das <a title=\"Storify Stuttgarter Zeitung\" href=\"http:\/\/www.stuttgarter-zeitung.de\/inhalt.21-social-media-night-kundeninteraktion-ueber-social-media-wird-zunehmen.604509e0-9f6a-444f-afb5-9900182f956a.html\" target=\"_blank\" rel=\"noopener\">Storify der Stuttgarter Zeitung<\/a> empfohlen.<\/p>\n<p>Last but not least unsere Bewertungspunkte f\u00fcr die 21. Social Media Night (\u201cFachlich\u201d meint \u201cSocial Media-Themen\u201d):<br \/>\nFachlich: 4\/5<br \/>\nBusiness: 4\/5<br \/>\nNetworking: 5\/5<br \/>\nSpa\u00df: 5\/5<\/p>\n<p>Tipp: Jetzt den Terminkalender z\u00fccken! Die n\u00e4chste Stuttgarter Social Media Night gibt&#8217;s am 13.02.2013.\u00a0Tickets\u00a0sind ab sofort via\u00a0<a title=\"Tickets 22. Social Media Night Stuttgart\" href=\"https:\/\/www.xing.com\/events\/22-social-media-night-stuttgart-13-2-2013-1187844\" target=\"_blank\" rel=\"noopener\">XING &amp; amiando<\/a>\u00a0erh\u00e4ltlich. Da dann das Thema &#8222;<a title=\"Social Media Monitoring\" href=\"http:\/\/de.brandwatch.com\/social-media-monitoring\/\" target=\"_blank\" rel=\"noopener\">Social Media Monitoring<\/a> und &#8211; Analytics&#8220; im Vordergrund steht, freut sich das <a title=\"Brandwatch\" href=\"http:\/\/www.brandwatch.de\" target=\"_blank\" rel=\"noopener\">Brandwatch<\/a>-Team nat\u00fcrlich gleich 2x mehr darauf :)<\/p>\n","protected":false},"excerpt":{"rendered":"<p>Die Social Media Night Stuttgart ist gestern Abend gut ins neue Jahr gestartet. Wir von Brandwatch waren mit dabei und haben uns nat\u00fcrlich wieder angeschaut, was im Social Web rund um das Event gezwitschert wurde.<\/p>\n","protected":false},"author":161,"featured_media":10426,"comment_status":"closed","ping_status":"closed","sticky":false,"template":"","format":"standard","meta":{"_acf_changed":false},"categories":[565],"tags":[575,427],"class_list":["post-10425","post","type-post","status-publish","format-standard","has-post-thumbnail","hentry","category-events-2","tag-smcst","tag-stuttgart-2"],"acf":[],"_links":{"self":[{"href":"https:\/\/www.brandwatch.com\/de\/wp-json\/wp\/v2\/posts\/10425","targetHints":{"allow":["GET"]}}],"collection":[{"href":"https:\/\/www.brandwatch.com\/de\/wp-json\/wp\/v2\/posts"}],"about":[{"href":"https:\/\/www.brandwatch.com\/de\/wp-json\/wp\/v2\/types\/post"}],"author":[{"embeddable":true,"href":"https:\/\/www.brandwatch.com\/de\/wp-json\/wp\/v2\/users\/161"}],"replies":[{"embeddable":true,"href":"https:\/\/www.brandwatch.com\/de\/wp-json\/wp\/v2\/comments?post=10425"}],"version-history":[{"count":0,"href":"https:\/\/www.brandwatch.com\/de\/wp-json\/wp\/v2\/posts\/10425\/revisions"}],"wp:featuredmedia":[{"embeddable":true,"href":"https:\/\/www.brandwatch.com\/de\/wp-json\/wp\/v2\/media\/10426"}],"wp:attachment":[{"href":"https:\/\/www.brandwatch.com\/de\/wp-json\/wp\/v2\/media?parent=10425"}],"wp:term":[{"taxonomy":"category","embeddable":true,"href":"https:\/\/www.brandwatch.com\/de\/wp-json\/wp\/v2\/categories?post=10425"},{"taxonomy":"post_tag","embeddable":true,"href":"https:\/\/www.brandwatch.com\/de\/wp-json\/wp\/v2\/tags?post=10425"}],"curies":[{"name":"wp","href":"https:\/\/api.w.org\/{rel}","templated":true}]}}