{"id":23227,"date":"2013-03-12T08:48:05","date_gmt":"2013-03-12T07:48:05","guid":{"rendered":"https:\/\/www.brandwatch.com\/de\/?p=23227"},"modified":"2015-04-15T11:23:57","modified_gmt":"2015-04-15T09:23:57","slug":"facebook-vs-corporate-blogs","status":"publish","type":"post","link":"https:\/\/www.brandwatch.com\/de\/blog\/facebook-vs-corporate-blogs\/","title":{"rendered":"Facebook vs. Corporate Blogs"},"content":{"rendered":"<p>In den letzten Wochen ging es gleich bei mehreren BarCamps (<a href=\"http:\/\/www.fbcamp.de\/\" target=\"_blank\" rel=\"noopener\">fbcamp<\/a> \/ <a href=\"http:\/\/www.bcruhr.de\/\" target=\"_blank\" rel=\"noopener\">BarCampRuhr6<\/a>) um das Thema &#8222;Facebook vs. Corporate Blogs&#8220; bzw. um die Frage, was im Zentrum der digitalen Aktivit\u00e4ten stehen sollte.<!--more--><\/p>\n<p>Zum Teil zusammen mit <a href=\"http:\/\/twitter.com\/JohannesLenz\" target=\"_blank\" rel=\"noopener\">Johannes Lenz<\/a> wurde an beiden Wochenenden insgesamt in vier Sessions das Thema diskutiert &#8211; das Interesse ist also definitiv gro\u00df. Nat\u00fcrlich schlie\u00dft das eine das andere nicht aus und h\u00e4ufig sind nicht nur die Facebook-Seite, sondern auch Blogs vorhanden. Aber es war auch in den Diskussionen erkennbar, dass die Argumente doch eher f\u00fcr ein Blog im Zentrum der Aktivit\u00e4ten im Social Web sprechen als f\u00fcr die Beschr\u00e4nkung auf Facebook.<\/p>\n<p>Entsprechend sollte man in Sachen &#8222;Messung&#8220; eben nicht nur Facebook (und die eigene Seite) im Blick behalten, sondern eben auch mit &#8222;Social Media Monitoring&#8220; das gesamte Social Web auf dem Radar haben. Denn die f\u00fcr viele Marken so wichtigen Gespr\u00e4che finden definitiv nicht nur bei Facebook statt&#8230;<\/p>\n<p>Abschlie\u00dfend hier noch die Slides meiner Pr\u00e4sentation. Und \u00fcber Erg\u00e4nzungen und Kommentare w\u00fcrde ich mich nat\u00fcrlich wie immer sehr freuen ;)<\/p>\n<p><a href=\"https:\/\/www.slideshare.net\/BrandwatchDE\/facebook-vs-corporate-blogs\" target=\"_blank\" rel=\"noopener\"><img loading=\"lazy\" decoding=\"async\" style=\"border: 1px solid #000000\" src=\"https:\/\/www.brandwatch.com\/de\/wp-content\/uploads\/2013\/03\/Screen-Shot-2014-03-06-at-13.43.47.png\" alt=\"FBvsBlog_Slide\" width=\"635\" height=\"514\" class=\"aligncenter size-full wp-image-32287\" \/><\/a><\/p>\n","protected":false},"excerpt":{"rendered":"<p>In den letzten Wochen ging es gleich bei mehreren BarCamps (fbcamp \/ BarCampRuhr6) um das Thema &#8222;Facebook vs. Corporate Blogs&#8220; bzw. um die Frage, was im Zentrum der digitalen Aktivit\u00e4ten stehen sollte.<\/p>\n","protected":false},"author":161,"featured_media":23235,"comment_status":"open","ping_status":"closed","sticky":false,"template":"","format":"standard","meta":{"_acf_changed":false},"categories":[9,565],"tags":[398,829,194,310,827],"class_list":["post-23227","post","type-post","status-publish","format-standard","has-post-thumbnail","hentry","category-basics","category-events-2","tag-barcamp","tag-bcruhr6","tag-blogs","tag-facebook","tag-fbcamp"],"acf":[],"_links":{"self":[{"href":"https:\/\/www.brandwatch.com\/de\/wp-json\/wp\/v2\/posts\/23227","targetHints":{"allow":["GET"]}}],"collection":[{"href":"https:\/\/www.brandwatch.com\/de\/wp-json\/wp\/v2\/posts"}],"about":[{"href":"https:\/\/www.brandwatch.com\/de\/wp-json\/wp\/v2\/types\/post"}],"author":[{"embeddable":true,"href":"https:\/\/www.brandwatch.com\/de\/wp-json\/wp\/v2\/users\/161"}],"replies":[{"embeddable":true,"href":"https:\/\/www.brandwatch.com\/de\/wp-json\/wp\/v2\/comments?post=23227"}],"version-history":[{"count":0,"href":"https:\/\/www.brandwatch.com\/de\/wp-json\/wp\/v2\/posts\/23227\/revisions"}],"wp:featuredmedia":[{"embeddable":true,"href":"https:\/\/www.brandwatch.com\/de\/wp-json\/wp\/v2\/media\/23235"}],"wp:attachment":[{"href":"https:\/\/www.brandwatch.com\/de\/wp-json\/wp\/v2\/media?parent=23227"}],"wp:term":[{"taxonomy":"category","embeddable":true,"href":"https:\/\/www.brandwatch.com\/de\/wp-json\/wp\/v2\/categories?post=23227"},{"taxonomy":"post_tag","embeddable":true,"href":"https:\/\/www.brandwatch.com\/de\/wp-json\/wp\/v2\/tags?post=23227"}],"curies":[{"name":"wp","href":"https:\/\/api.w.org\/{rel}","templated":true}]}}