{"id":24010,"date":"2013-04-16T10:09:12","date_gmt":"2013-04-16T08:09:12","guid":{"rendered":"https:\/\/www.brandwatch.com\/de\/?p=24010"},"modified":"2024-09-13T11:09:23","modified_gmt":"2024-09-13T09:09:23","slug":"gpluscamp-ein-barcamp-und-ein-paar-zahlen-rund-um-google","status":"publish","type":"post","link":"https:\/\/www.brandwatch.com\/de\/blog\/gpluscamp-ein-barcamp-und-ein-paar-zahlen-rund-um-google\/","title":{"rendered":"gpluscamp: Ein BarCamp und ein paar Zahlen rund um Google+"},"content":{"rendered":"<p>Am vergangenen Wochenende fand in Essen das erste BarCamp rund um Google+ statt. Wir waren vor Ort und haben uns nicht nur mit verschiedenen Aspekten rund um das zwei Jahre alte Social Network besch\u00e4ftigt (u.a. auch mit den Zahlen), sondern auch einen Blick auf den Social Buzz rund um das <a href=\"http:\/\/gpluscamp.de\/\" target=\"_blank\" rel=\"noopener\">gpluscamp<\/a> geworfen.<!--more--><\/p>\n<p>Denn es zeigt sich, dass Google+ auf dem Vormarsch ist &#8211; langsam, aber stetig. Und auch w\u00e4hrend Facebook letztes Jahr bereits <a href=\"http:\/\/www.socialmediastatistik.de\/das-jahr-2012-im-social-media-statistik-land\/\" target=\"_blank\" rel=\"noopener\">die Schwelle zu einer Milliarde aktiver Benutzer<\/a> \u00fcberschritten hat, so konnte Google+ nach eigenen Angaben <del datetime=\"2013-04-17T08:38:45+00:00\"><a href=\"http:\/\/www.socialmediastatistik.de\/das-jahr-2012-auf-google\/\" target=\"_blank\" rel=\"noopener\">im Dezember 2012 immerhin 235 Millionen aktiver Nutzer<\/a><\/del> <a href=\"http:\/\/marketingland.com\/google-hits-135-million-users-27904\" target=\"_blank\" rel=\"noopener\">im Dezember 2012 immerhin 135 Millionen aktive Nutzer<\/a> vermelden. Irgendwo dazwischen rangiert Twitter &#8211; m\u00f6glicherweise bei einem Drittel Marktanteil.<\/p>\n<p>Wenn man sich die bei der gpluscamp-Session &#8222;Google+ in Zahlen&#8220; zusammengetragenen Werten anschaut, liegt Facebook bei etwa zwei Drittel aller Zugriffe \u00fcber die Sozialen Netzwerke (zumindest bei den in Essen ausgewerteten Blogs). Google+ lag hier bei bis zu 10 %, wobei das in jedem Fall sehr stark von der jeweiligen pers\u00f6nlichen Reichweite abh\u00e4ngt.<\/p>\n<p>Etwas belastbarer d\u00fcrfte da die k\u00fcrzlich von Jens Schr\u00f6der ver\u00f6ffentlichte Auswertung bei <a href=\"http:\/\/www.10000flies.de\/blog\/75-mio-flies-und-die-machtverhaltnisse-zwischen-den-social-networks\/\" target=\"_blank\" rel=\"noopener\">10000Flies<\/a> sein, die Google+ bei derzeit 3,2 % Marktanteil sieht und damit die Reichweite immerhin in 5 Monaten fast verdoppelt hat (von 1,9%). Die Gr\u00fcnde hierf\u00fcr d\u00fcrften vielf\u00e4ltig sein. So wurde im letzten halben Jahr die Integration von Google+ in die anderen Google-Dienste sehr stark ausgebaut. Und auch die neu eingef\u00fchrten Communities d\u00fcrften sich positiv auf die Aktivit\u00e4t bei Google+ ausgewirkt haben.<\/p>\n<p>Alles in allem also eine gute Ausgangsbasis, um sich zwei Tage lang im Essener Unperfekthaus intensiv mit dem Thema Google+ zu besch\u00e4ftigen und sich die Rolle dieser Plattform im Social Web genauer anzusehen . Und wenn man den <a href=\"http:\/\/gpluscamp.de\/networks\/wiki\/index.Berichte\" target=\"_blank\" rel=\"noopener\">bisher ver\u00f6ffentlichten Artikeln<\/a> glaubt, hat das auch gut geklappt (auch wenn ich da als einer der Organisatoren des gpluscamp m\u00f6glicherweise nicht ganz neutral bin). Und eins zeigt sich jedenfalls ganz klar: Google+ hat sich mittlerweile einen festen Platz auf dem Social Web-&#8222;Siegertreppchen&#8220; erobert &#8211; hinter Facebook und Twitter, versteht sich. Insofern rutscht nat\u00fcrlich auch f\u00fcr uns in Sachen Social Media Monitoring kontinuierlich auf der Priorit\u00e4tenliste nach oben.<\/p>\n<p><strong>Social Buzz rund ums gpluscamp<\/strong><br \/>\nInsgesamt zeigte sich schnell, dass das Interesse am gpluscamp zwar sp\u00fcrbar vorhanden, aber eben doch deutlich niedriger als bei anderen BarCamps und ThemenCamps ausfiel. So gab es neben den \u00fcber 300 Tweets w\u00e4hrend des gpluscamp vor allem 2 Lastspitzen &#8211; einmal w\u00e4hrend der Ank\u00fcndigung Mitte Januar und einmal bei einer gr\u00f6\u00dferen Verlosungsaktion bei t3n.<\/p>\n<p><a href=\"https:\/\/www.brandwatch.com\/de\/wp-content\/uploads\/2013\/04\/chart.png\"><img loading=\"lazy\" decoding=\"async\" class=\"alignnone size-full wp-image-24021\" src=\"https:\/\/www.brandwatch.com\/de\/wp-content\/uploads\/2013\/04\/chart.png\" alt=\"Social Buzz gpluscamp Januar bis April\" width=\"948\" height=\"260\" \/><\/a><\/p>\n<p>Die Themenwolke rund ums gpluscamp:<br \/>\n<a href=\"https:\/\/www.brandwatch.com\/de\/wp-content\/uploads\/2013\/04\/topics_1366095192601.png\"><img loading=\"lazy\" decoding=\"async\" class=\"alignnone size-full wp-image-24023\" src=\"https:\/\/www.brandwatch.com\/de\/wp-content\/uploads\/2013\/04\/topics_1366095192601.png\" alt=\"Themenwolke gpluscamp \" width=\"720\" height=\"470\" \/><\/a><br \/>\nWer sich dabei \u00fcber die &#8222;Kreislinge&#8220; wundert: Diese definitiv gelungene Wortsch\u00f6pfung f\u00fcr den Circle-\/Kreis-Pendant zu Followern (bei Twitter) verdankt die Welt <a href=\"https:\/\/twitter.com\/leserattej\" target=\"_blank\" rel=\"noopener\">LeseratteJ<\/a> ;)<\/p>\n<blockquote class=\"twitter-tweet\" lang=\"de\"><p>Wir sind jetzt alle kleine <a href=\"https:\/\/twitter.com\/search\/%23Kreislinge\" target=\"_blank\" rel=\"noopener\">#Kreislinge<\/a>. Von @<a href=\"https:\/\/twitter.com\/leserattej\" target=\"_blank\" rel=\"noopener\">leserattej<\/a>. <a href=\"https:\/\/twitter.com\/search\/%23gpluscamp\" target=\"_blank\" rel=\"noopener\">#gpluscamp<\/a><\/p>\n<p>\u2014 Katja Wenk (@katjazwitschert) <a href=\"https:\/\/twitter.com\/katjazwitschert\/status\/322684888954327040\" target=\"_blank\" rel=\"noopener\">12. April 2013<\/a><\/p><\/blockquote>\n<p><script charset=\"utf-8\" src=\"\/\/platform.twitter.com\/widgets.js\"><\/script><\/p>\n<p>Und das waren die Top Hashtags bei Twitter:<br \/>\n<a href=\"https:\/\/www.brandwatch.com\/de\/wp-content\/uploads\/2013\/04\/twitter_insights_1366095271350.png\"><img loading=\"lazy\" decoding=\"async\" class=\"alignnone size-full wp-image-24024\" src=\"https:\/\/www.brandwatch.com\/de\/wp-content\/uploads\/2013\/04\/twitter_insights_1366095271350.png\" alt=\"Top Hashtags gpluscamp\" width=\"720\" height=\"470\" \/><\/a><\/p>\n<p>Und der am meisten verwendete Link war erfreulicherweise das Twitpic mit den Sponsorenlogos:<br \/>\n<a title=\"Vielen Dank an die Sponsoren @ranksider_de @FOMHochschule @si... on Twitpic\" href=\"https:\/\/twitpic.com\/cj2kgb\" target=\"_blank\" rel=\"noopener\"><img loading=\"lazy\" decoding=\"async\" src=\"https:\/\/twitpic.com\/show\/thumb\/cj2kgb.jpg\" alt=\"Vielen Dank an die Sponsoren @ranksider_de @FOMHochschule @si... on Twitpic\" width=\"150\" height=\"150\" \/><\/a><\/p>\n<p><strong>Fazit:<\/strong><br \/>\nWie schon geschrieben (bzw. in den Artikeln gelesen) scheint es die Teilnehmer weitergebracht zu haben und das Interesse an einem zweiten gpluscamp ist definitiv da. Insofern kann man die Veranstaltung wohl guten Gewissens weiterempfehlen (selbst wenn man nicht zu den Organisatoren z\u00e4hlt ;-)<\/p>\n<p>Last but not least unsere Bewertungspunkte f\u00fcr das erste gpluscamp (\u201cFachlich\u201d meint \u201cSocial Media-Themen\u201d):<br \/>\nFachlich: 5\/5<br \/>\nBusiness: 4\/5<br \/>\nNetworking: 5\/5<br \/>\nSpa\u00df: 5\/5<\/p>\n","protected":false},"excerpt":{"rendered":"<p>Am vergangenen Wochenende fand in Essen das erste BarCamp rund um Google+ statt. Wir waren vor Ort und haben uns nicht nur mit verschiedenen Aspekten rund um das zwei Jahre alte Social Network besch\u00e4ftigt (u.a. auch mit den Zahlen), sondern auch einen Blick auf den Social Buzz rund um das gpluscamp geworfen.<\/p>\n","protected":false},"author":161,"featured_media":24012,"comment_status":"closed","ping_status":"closed","sticky":false,"template":"","format":"standard","meta":{"_acf_changed":false},"categories":[565],"tags":[398,76,859],"class_list":["post-24010","post","type-post","status-publish","format-standard","has-post-thumbnail","hentry","category-events-2","tag-barcamp","tag-google","tag-googleplus"],"acf":[],"_links":{"self":[{"href":"https:\/\/www.brandwatch.com\/de\/wp-json\/wp\/v2\/posts\/24010","targetHints":{"allow":["GET"]}}],"collection":[{"href":"https:\/\/www.brandwatch.com\/de\/wp-json\/wp\/v2\/posts"}],"about":[{"href":"https:\/\/www.brandwatch.com\/de\/wp-json\/wp\/v2\/types\/post"}],"author":[{"embeddable":true,"href":"https:\/\/www.brandwatch.com\/de\/wp-json\/wp\/v2\/users\/161"}],"replies":[{"embeddable":true,"href":"https:\/\/www.brandwatch.com\/de\/wp-json\/wp\/v2\/comments?post=24010"}],"version-history":[{"count":0,"href":"https:\/\/www.brandwatch.com\/de\/wp-json\/wp\/v2\/posts\/24010\/revisions"}],"wp:featuredmedia":[{"embeddable":true,"href":"https:\/\/www.brandwatch.com\/de\/wp-json\/wp\/v2\/media\/24012"}],"wp:attachment":[{"href":"https:\/\/www.brandwatch.com\/de\/wp-json\/wp\/v2\/media?parent=24010"}],"wp:term":[{"taxonomy":"category","embeddable":true,"href":"https:\/\/www.brandwatch.com\/de\/wp-json\/wp\/v2\/categories?post=24010"},{"taxonomy":"post_tag","embeddable":true,"href":"https:\/\/www.brandwatch.com\/de\/wp-json\/wp\/v2\/tags?post=24010"}],"curies":[{"name":"wp","href":"https:\/\/api.w.org\/{rel}","templated":true}]}}