{"id":24176,"date":"2013-04-26T13:31:45","date_gmt":"2013-04-26T11:31:45","guid":{"rendered":"https:\/\/www.brandwatch.com\/de\/?p=24176"},"modified":"2024-09-13T11:10:55","modified_gmt":"2024-09-13T09:10:55","slug":"wutsturm-der-woche-telekom","status":"publish","type":"post","link":"https:\/\/www.brandwatch.com\/de\/blog\/wutsturm-der-woche-telekom\/","title":{"rendered":"Wutsturm der Woche: Telekom"},"content":{"rendered":"<p>Seit letzter <a href=\"https:\/\/www.brandwatch.com\/de\/2013\/04\/wutsturm-der-woche-justin-bieber\/\">Woche<\/a> wollen wir jeweils am Ende der Woche einen kurzen Blick wagen, welches Thema der letzten 7 Tage das Potential zum \u201cWutsturm der Woche\u201d hat. Und nat\u00fcrlich gibt es wieder eine Top 3, auch wenn diese Woche ein Thema alles andere \u00fcberlagerte.<!--more--><\/p>\n<p>Und das sind nat\u00fcrlich die konkreten Pl\u00e4ne der <strong>Telekom<\/strong>, sp\u00e4testens mittelfristig nach einem bestimmten Volumenverbrauch den betreffenden DSL-Anschluss zu drosseln (siehe z.B. &#8222;<a href=\"https:\/\/netzpolitik.org\/2013\/telekom-macht-ernst-tarifwechsel-fuhrt-zur-ende-der-flatrates-und-verletzung-der-netzneutralitat\/\" target=\"_blank\" rel=\"noopener\">Telekom macht Ernst: Tarifwechsel f\u00fchrt zur Ende der Flatrates und Verletzung der Netzneutralit\u00e4t<\/a>&#8220; auf Netzpoltik.org . Aber dazu gleich mehr, hier erst mal die Topic Cloud der zur\u00fcckliegenden Woche:<\/p>\n<p><a href=\"https:\/\/www.brandwatch.com\/de\/wp-content\/uploads\/2013\/04\/Bildschirmfoto-2013-04-26-um-12.10.14.png\"><img decoding=\"async\" class=\"alignnone size-full wp-image-24248\" src=\"https:\/\/www.brandwatch.com\/de\/wp-content\/uploads\/2013\/04\/Bildschirmfoto-2013-04-26-um-12.10.14.png\" alt=\"Wutsturm der Woche: Themenwolke 19.-25.04.2013\" width=\"771\" \/><\/a><\/p>\n<p>Der Social Buzz zum Thema &#8222;Telekom&#8220; stieg sehr schnell an und erreichte damit auch sehr viele Menschen. So kommt z.B. der kritische Artikel &#8222;Die Telekom erdrosselt das Internet&#8220; von Sascha Lobo auf Spiegel Online alleine auf Twitter auf eine Reichweite von fast 1 Million Menschen (bezogen auf die Zahl der theoretisch erreichbaren Follower).<\/p>\n<p><a href=\"https:\/\/www.brandwatch.com\/de\/wp-content\/uploads\/2013\/04\/Bildschirmfoto-2013-04-26-um-13.02.44.png\"><img decoding=\"async\" class=\"alignnone size-full wp-image-24252\" src=\"https:\/\/www.brandwatch.com\/de\/wp-content\/uploads\/2013\/04\/Bildschirmfoto-2013-04-26-um-13.02.44.png\" alt=\"Verlauf Social Buzz zu Telekom-Drosselung\" width=\"711\" \/><\/a><\/p>\n<p>In der Topic Cloud spiegeln sich viele Details der angek\u00fcndigten Drosselung wieder:<\/p>\n<p><a href=\"https:\/\/www.brandwatch.com\/de\/wp-content\/uploads\/2013\/04\/Bildschirmfoto-2013-04-26-um-13.12.56.png\"><img decoding=\"async\" class=\"alignnone size-full wp-image-24253\" src=\"https:\/\/www.brandwatch.com\/de\/wp-content\/uploads\/2013\/04\/Bildschirmfoto-2013-04-26-um-13.12.56.png\" alt=\"Topic Cloud zu Telekom-Drosselung\" width=\"815\" \/><\/a><\/p>\n<p>Schnell tauchten auch erste kreative Verarbeitungen der neuen Situation auf &#8211; z.B. auf <a href=\"http:\/\/www.avatter.de\/wordpress\/2013\/04\/die-dsl-optionen-der-deutschen-telekom-2016\/\" target=\"_blank\" rel=\"noopener\">avatter<\/a> oder direkt als Twitpic:<\/p>\n<p><a title=\"Erstes Motiv der neuen Telekom DSL-Kampagne aufgetaucht. #dro... on Twitpic\" href=\"https:\/\/twitpic.com\/cl5tf0\" target=\"_blank\" rel=\"noopener\"><img loading=\"lazy\" decoding=\"async\" src=\"https:\/\/twitpic.com\/show\/thumb\/cl5tf0.jpg\" alt=\"Erstes Motiv der neuen Telekom DSL-Kampagne aufgetaucht. #dro... on Twitpic\" width=\"150\" height=\"150\" \/><\/a><\/p>\n<p>Und zum Abschluss noch ein kurzer Blick auf die gefundenen Hashtags, wobei hier klar &#8222;#drosselkom&#8220; als popul\u00e4rstes Hashtag hervorsticht &#8211; ab und zu klappt das offensichtlich gut mit der Weisheit der Vielen&#8230;<\/p>\n<p><a href=\"https:\/\/www.brandwatch.com\/de\/wp-content\/uploads\/2013\/04\/Bildschirmfoto-2013-04-26-um-13.01.53.png\"><img decoding=\"async\" class=\"alignnone size-full wp-image-24255\" src=\"https:\/\/www.brandwatch.com\/de\/wp-content\/uploads\/2013\/04\/Bildschirmfoto-2013-04-26-um-13.01.53.png\" alt=\"Popul\u00e4re Hashtags zu Telekom-Drosselung\" width=\"824\" \/><\/a><\/p>\n<p>Ansonsten hier noch die beiden anderen Kandidaten in den <strong>Top 3<\/strong>:<br \/>\nDas <strong>K\u00f6nigslied<\/strong>, das anl\u00e4sslich der Kr\u00f6nung des k\u00fcnftigen niederl\u00e4ndischen K\u00f6nigs Willem-Alexander komponiert wurde und von den Holl\u00e4ndern gar nicht gut angenommen wurde. Mehr dazu z.B. unter &#8222;<a href=\"http:\/\/www.heise.de\/newsticker\/meldung\/Shitstorm-fegt-peinliches-niederlaendisches-Koenigslied-weg-1846679.html\" target=\"_blank\" rel=\"noopener\">Shitstorm fegt peinliches niederl\u00e4ndisches K\u00f6nigslied weg<\/a>&#8220; bei heise und in der Topic Cloud:<\/p>\n<p><a href=\"https:\/\/www.brandwatch.com\/de\/wp-content\/uploads\/2013\/04\/Bildschirmfoto-2013-04-26-um-12.47.12.png\"><img decoding=\"async\" class=\"alignnone size-full wp-image-24249\" src=\"https:\/\/www.brandwatch.com\/de\/wp-content\/uploads\/2013\/04\/Bildschirmfoto-2013-04-26-um-12.47.12.png\" alt=\"Topic Cloud zu K\u00f6nigslied\" width=\"814\" \/><\/a><\/p>\n<p>Ebenfalls f\u00fcr Furore sorgte diese Woche die Personalie &#8222;<strong>Mario G\u00f6tze<\/strong>&#8222;, d.h. der derzeit sehr erfolgreiche Fu\u00dfballspieler wird von Dortmund zu Bayern M\u00fcnchen wechseln. Und die Ank\u00fcndigung des Wechsels hatte nicht nur zahlreiche Medienberichte zur Folge, sondern eben auch diverse Reaktionen im Social Web. Weitere Infos z.B. &#8222;<a href=\"http:\/\/meedia.de\/internet\/shitstorm-bvb-fans-beschimpfen-goetze\/2013\/04\/23.html\" target=\"_blank\" rel=\"noopener\">Shitstorm: BVB-Fans beschimpfen G\u00f6tze<\/a>&#8220; bei Meedia und in der Topic Cloud (wobei sich hier nat\u00fcrlich die Champions League-Halbfinalspiele ebenfalls bemerkbar machen):<\/p>\n<p><a href=\"https:\/\/www.brandwatch.com\/de\/wp-content\/uploads\/2013\/04\/Bildschirmfoto-2013-04-26-um-12.45.18.png\"><img decoding=\"async\" class=\"alignnone size-full wp-image-24250\" src=\"https:\/\/www.brandwatch.com\/de\/wp-content\/uploads\/2013\/04\/Bildschirmfoto-2013-04-26-um-12.45.18.png\" alt=\"Topic Cloud rund um G\u00f6tze\" width=\"817\" \/><\/a><\/p>\n<p><strong>Warum Wutsturm?<\/strong><br \/>\nWir wollen dieses Ph\u00e4nomen lieber Wutsturm nennen, auch wenn es ansonsten gerne mit einem &#8222;<a href=\"http:\/\/de.wikipedia.org\/wiki\/Shitstorm\" target=\"_blank\" rel=\"noopener\">Wort mit S<\/a>&#8220; beschrieben wird, das wir aber vermeiden wollen. Und ein paar Kandidaten f\u00fcr den nicht ganz ernst gemeinten Spitzenplatz gibt es ja immer, insofern wird es eben immer mindestens auch eine Top 3 geben&#8230;<\/p>\n<p>Photo credit: <a href=\"http:\/\/www.flickr.com\/photos\/vickyb\/5393687414\/\" target=\"_blank\" rel=\"noopener\">brockvicky<\/a> via <a href=\"http:\/\/photopin.com\" target=\"_blank\" rel=\"noopener\">photopin<\/a> <a href=\"http:\/\/creativecommons.org\/licenses\/by-sa\/2.0\/\" target=\"_blank\" rel=\"noopener\">cc<\/a><\/p>\n","protected":false},"excerpt":{"rendered":"<p>Seit letzter Woche wollen wir jeweils am Ende der Woche einen kurzen Blick wagen, welches Thema der letzten 7 Tage das Potential zum \u201cWutsturm der Woche\u201d hat. Und nat\u00fcrlich gibt es wieder eine Top 3, auch wenn diese Woche ein Thema alles andere \u00fcberlagerte.<\/p>\n","protected":false},"author":161,"featured_media":24088,"comment_status":"closed","ping_status":"closed","sticky":false,"template":"","format":"standard","meta":{"_acf_changed":false},"categories":[3454,567],"tags":[884,882,883,881,865],"class_list":["post-24176","post","type-post","status-publish","format-standard","has-post-thumbnail","hentry","category-analysen","category-buzz","tag-drosselkom","tag-goetze","tag-niederlande","tag-telekom","tag-wutsturm"],"acf":[],"_links":{"self":[{"href":"https:\/\/www.brandwatch.com\/de\/wp-json\/wp\/v2\/posts\/24176","targetHints":{"allow":["GET"]}}],"collection":[{"href":"https:\/\/www.brandwatch.com\/de\/wp-json\/wp\/v2\/posts"}],"about":[{"href":"https:\/\/www.brandwatch.com\/de\/wp-json\/wp\/v2\/types\/post"}],"author":[{"embeddable":true,"href":"https:\/\/www.brandwatch.com\/de\/wp-json\/wp\/v2\/users\/161"}],"replies":[{"embeddable":true,"href":"https:\/\/www.brandwatch.com\/de\/wp-json\/wp\/v2\/comments?post=24176"}],"version-history":[{"count":0,"href":"https:\/\/www.brandwatch.com\/de\/wp-json\/wp\/v2\/posts\/24176\/revisions"}],"wp:featuredmedia":[{"embeddable":true,"href":"https:\/\/www.brandwatch.com\/de\/wp-json\/wp\/v2\/media\/24088"}],"wp:attachment":[{"href":"https:\/\/www.brandwatch.com\/de\/wp-json\/wp\/v2\/media?parent=24176"}],"wp:term":[{"taxonomy":"category","embeddable":true,"href":"https:\/\/www.brandwatch.com\/de\/wp-json\/wp\/v2\/categories?post=24176"},{"taxonomy":"post_tag","embeddable":true,"href":"https:\/\/www.brandwatch.com\/de\/wp-json\/wp\/v2\/tags?post=24176"}],"curies":[{"name":"wp","href":"https:\/\/api.w.org\/{rel}","templated":true}]}}