{"id":25213,"date":"2013-06-26T07:50:54","date_gmt":"2013-06-26T05:50:54","guid":{"rendered":"https:\/\/www.brandwatch.com\/de\/?p=25213"},"modified":"2024-09-16T23:31:12","modified_gmt":"2024-09-16T21:31:12","slug":"brandwatch-auf-den-mailingtagen-nurnberg","status":"publish","type":"post","link":"https:\/\/www.brandwatch.com\/de\/blog\/brandwatch-auf-den-mailingtagen-nurnberg\/","title":{"rendered":"Brandwatch auf den Mailingtagen N\u00fcrnberg"},"content":{"rendered":"<p>Die letzte Woche stand in N\u00fcrnberg ganz im Zeichen der <a title=\"Mailingtage\" href=\"http:\/\/www.mailingtage.de\/\" target=\"_blank\" rel=\"noopener\">Mailingtage<\/a> &#8211; Europas gr\u00f6\u00dfter Fachmesse f\u00fcr den Kundendialog. 345 Aussteller und \u00fcber 100 Fachvortr\u00e4ge zogen zahlreiche Besucher an. Auch Brandwatch war vor Ort und berichtet \u00fcber den Social Buzz zum Event.<!--more--><\/p>\n<p>Doch bevor wir in die Analyse der Gespr\u00e4che im Netz einsteigen, m\u00f6chten wir noch das Video zu unserem Vortrag mit Ihnen teilen:<\/p>\n<p><iframe loading=\"lazy\" src=\"https:\/\/www.youtube.com\/embed\/32XB1mRIjCE\" width=\"560\" height=\"315\" frameborder=\"0\"><\/iframe><\/p>\n<p>Im Rahmen der <a title=\".comMUNITY Area\" href=\"http:\/\/www.mailingtage.de\/de\/presse\/presseinformationen\/bvdw-verkuendet-programm-der-community-area-auf-den-mailingtagen-2013--pressnews--\/?focus=de&amp;focus2=nxps%3a%2f%2fnueme%2fpressnews%2f4e32a7e9-7b6f-4692-81ae-cfd014618768%2f%3ffair%3dmailingtage%26language%3dde\" target=\"_blank\" rel=\"noopener\">.comMUNITY Area<\/a> des BVDW haben wir \u00fcber den <a title=\".comMUNITY Area\" href=\"http:\/\/www.mailingtage.de\/de\/rahmenprogramm\/vortrags-mixer\/aufbau-eines-effektiven-social-media-monitorings--focus2--mailingtage!dissertation!624a509f-fe21-47ca-ae54-19726d45dec7!de\/\" target=\"_blank\" rel=\"noopener\">Aufbau eines effektiven Social Media Monitorings<\/a> gesprochen, live gezeigt, wie <a title=\"Social Media Monitoring\" href=\"https:\/\/www.brandwatch.com\/de\/social-media-monitoring\/\">Social Media Analysen<\/a> funktionieren und diverse Anwendungsm\u00f6glichhkeiten wie Reputationsmanagement oder Wettbewerbesbeobachtung aufgezeigt.<\/p>\n<p>Und nun zum Social Buzz. Knapp 1.300 Erw\u00e4hnungen auf Twitter, Facebook, Blogs, News-Seiten und Co. gab es zum Event w\u00e4hrend der beiden Messetage am 19. und 20.06.2013. Der Gro\u00dfteil des Rauschens im Netz fand w\u00e4hrend des ersten Tages der Messe statt:<\/p>\n<p><a href=\"https:\/\/www.brandwatch.com\/de\/wp-content\/uploads\/2013\/06\/Mailingtage-Social-Buzz.png\"><img loading=\"lazy\" decoding=\"async\" class=\"alignnone size-full wp-image-25222\" src=\"https:\/\/www.brandwatch.com\/de\/wp-content\/uploads\/2013\/06\/Mailingtage-Social-Buzz.png\" alt=\"Mailingtage Social Buzz\" width=\"570\" height=\"272\" \/><\/a><\/p>\n<p>Twitter war das beliebteste Medium f\u00fcr den Austausch zu den Mailingtagen &#8211; sowohl am ersten als auch am zweiten Messetag:<\/p>\n<p><a href=\"https:\/\/www.brandwatch.com\/de\/wp-content\/uploads\/2013\/06\/Seitentypen-Mailingtage.png\"><img loading=\"lazy\" decoding=\"async\" class=\"alignnone size-full wp-image-25223\" src=\"https:\/\/www.brandwatch.com\/de\/wp-content\/uploads\/2013\/06\/Seitentypen-Mailingtage.png\" alt=\"Seitentypen Mailingtage\" width=\"570\" height=\"272\" \/><\/a><\/p>\n<p>Doch \u00fcber was wurde gesprochen? Wir haben mit <a title=\"Brandwatch\" href=\"http:\/\/www.brandwatch.de\" target=\"_blank\" rel=\"noopener\">Brandwatch<\/a> eine Topic Cloud zu der Woche rund um die Veranstaltung erstellt und diese l\u00fcftet das Geheimnis:<\/p>\n<p><a href=\"https:\/\/www.brandwatch.com\/de\/wp-content\/uploads\/2013\/06\/Bildschirmfoto-2013-06-26-um-07.34.27.png\"><img loading=\"lazy\" decoding=\"async\" class=\"alignnone size-full wp-image-25225\" src=\"https:\/\/www.brandwatch.com\/de\/wp-content\/uploads\/2013\/06\/Bildschirmfoto-2013-06-26-um-07.34.27.png\" alt=\"Topic Cloud Mailingtage\" width=\"636\" height=\"395\" \/><\/a><\/p>\n<p>Das Thema Marketing stand ganz klar im Fokus der Gespr\u00e4che, gefolgt von diversen Rednern, Ausstellern und Themen wie &#8222;Haptische Verkaufsf\u00f6rderung&#8220;.<\/p>\n<p>Der meistverwendete Hashtag war, wie zu erwarten, #mailingtage. Platz zwei belegt #osmt13 &#8211; der <a title=\"Open Summit\" href=\"http:\/\/open-summit.com\/\" target=\"_blank\" rel=\"noopener\">OpenSummitUnkonferenz<\/a>, die parallel zu den Mailingtagen stattfand.<\/p>\n<p><a href=\"https:\/\/www.brandwatch.com\/de\/wp-content\/uploads\/2013\/06\/Bildschirmfoto-2013-06-26-um-07.39.25.png\"><img loading=\"lazy\" decoding=\"async\" class=\"alignnone size-full wp-image-25226\" src=\"https:\/\/www.brandwatch.com\/de\/wp-content\/uploads\/2013\/06\/Bildschirmfoto-2013-06-26-um-07.39.25.png\" alt=\"Top-Hashtags Mailingtage\" width=\"729\" height=\"379\" \/><\/a><\/p>\n<p>Ganz stark dabei ist die Unkonferenz auch, wenn es um die am h\u00e4ufigsten auf Twitter geteilten Links rund um Mailingtage und OpenSummit geht:<\/p>\n<p><a href=\"https:\/\/www.brandwatch.com\/de\/wp-content\/uploads\/2013\/06\/Bildschirmfoto-2013-06-26-um-07.42.42.png\"><img loading=\"lazy\" decoding=\"async\" class=\"alignnone size-full wp-image-25227\" src=\"https:\/\/www.brandwatch.com\/de\/wp-content\/uploads\/2013\/06\/Bildschirmfoto-2013-06-26-um-07.42.42.png\" alt=\"Meistgeteilte Links Mailingtage\" width=\"856\" height=\"204\" \/><\/a><\/p>\n<p>Last but not least werfen wir noch einen Blick auf die einflussreichsten Tweets der beiden Messetage, sprich die Tweets, die am h\u00e4ufigsten geretweetet wurden:<\/p>\n<p><a href=\"https:\/\/www.brandwatch.com\/de\/wp-content\/uploads\/2013\/06\/Bildschirmfoto-2013-06-26-um-07.45.25.png\"><img loading=\"lazy\" decoding=\"async\" class=\"alignnone size-full wp-image-25229\" src=\"https:\/\/www.brandwatch.com\/de\/wp-content\/uploads\/2013\/06\/Bildschirmfoto-2013-06-26-um-07.45.25.png\" alt=\"Einflussreichste Tweets Mailingtage\" width=\"834\" height=\"437\" \/><\/a><\/p>\n<p>Wer mehr zum Social Buzz auf den Mailingtagen wissen m\u00f6chte oder wer Interesse an den Pr\u00e4sentationsunterlagen zu unserem Vortrag hat, <a title=\"Brandwatch Kontakt\" href=\"https:\/\/www.brandwatch.com\/de\/contact-us\/\" target=\"_blank\" rel=\"noopener\">kann sich gerne bei uns melden<\/a>. Wir freuen uns \u00fcber Fragen und Anregungen!<\/p>\n","protected":false},"excerpt":{"rendered":"<p>Die letzte Woche stand in N\u00fcrnberg ganz im Zeichen der Mailingtage &#8211; Europas gr\u00f6\u00dfter Fachmesse f\u00fcr den Kundendialog. 345 Aussteller und \u00fcber 100 Fachvortr\u00e4ge zogen zahlreiche Besucher an. Auch Brandwatch war vor Ort und berichtet \u00fcber den Social Buzz zum Event.<\/p>\n","protected":false},"author":161,"featured_media":25219,"comment_status":"closed","ping_status":"closed","sticky":false,"template":"","format":"standard","meta":{"_acf_changed":false},"categories":[567,565],"tags":[],"class_list":["post-25213","post","type-post","status-publish","format-standard","has-post-thumbnail","hentry","category-buzz","category-events-2"],"acf":[],"_links":{"self":[{"href":"https:\/\/www.brandwatch.com\/de\/wp-json\/wp\/v2\/posts\/25213","targetHints":{"allow":["GET"]}}],"collection":[{"href":"https:\/\/www.brandwatch.com\/de\/wp-json\/wp\/v2\/posts"}],"about":[{"href":"https:\/\/www.brandwatch.com\/de\/wp-json\/wp\/v2\/types\/post"}],"author":[{"embeddable":true,"href":"https:\/\/www.brandwatch.com\/de\/wp-json\/wp\/v2\/users\/161"}],"replies":[{"embeddable":true,"href":"https:\/\/www.brandwatch.com\/de\/wp-json\/wp\/v2\/comments?post=25213"}],"version-history":[{"count":0,"href":"https:\/\/www.brandwatch.com\/de\/wp-json\/wp\/v2\/posts\/25213\/revisions"}],"wp:featuredmedia":[{"embeddable":true,"href":"https:\/\/www.brandwatch.com\/de\/wp-json\/wp\/v2\/media\/25219"}],"wp:attachment":[{"href":"https:\/\/www.brandwatch.com\/de\/wp-json\/wp\/v2\/media?parent=25213"}],"wp:term":[{"taxonomy":"category","embeddable":true,"href":"https:\/\/www.brandwatch.com\/de\/wp-json\/wp\/v2\/categories?post=25213"},{"taxonomy":"post_tag","embeddable":true,"href":"https:\/\/www.brandwatch.com\/de\/wp-json\/wp\/v2\/tags?post=25213"}],"curies":[{"name":"wp","href":"https:\/\/api.w.org\/{rel}","templated":true}]}}