{"id":25492,"date":"2013-08-13T09:02:52","date_gmt":"2013-08-13T07:02:52","guid":{"rendered":"https:\/\/www.brandwatch.com\/de\/?p=25492"},"modified":"2025-08-12T15:34:06","modified_gmt":"2025-08-12T13:34:06","slug":"treffen-sie-brandwatch-auf-der-dmexco","status":"publish","type":"post","link":"https:\/\/www.brandwatch.com\/de\/blog\/treffen-sie-brandwatch-auf-der-dmexco\/","title":{"rendered":"Treffen Sie Brandwatch auf der dmexco"},"content":{"rendered":"<p>Der Countdown l\u00e4uft: In einem guten Monat \u00f6ffnet die <a title=\"dmexco\" href=\"http:\/\/dmexco.de\/\" target=\"_blank\" rel=\"noopener\">dmexco<\/a> ihre Pforten und tausende Besucher str\u00f6men auf das Messegel\u00e4nde in K\u00f6ln. Die dmexco ist die internationale Leitmesse und Konferenz f\u00fcr die digitale Industrie und z\u00e4hlt auch f\u00fcr <a title=\"Brandwatch\" href=\"http:\/\/www.brandwatch.de\" target=\"_blank\" rel=\"noopener\">Brandwatch<\/a> zu den wichtigsten Events. Daher sind wir auch in diesem Jahr wieder mit einem Stand vertreten und freuen uns auf Ihren Besuch!<!--more--><\/p>\n<p>Unserem Standplatz sind wir treu geblieben. Sie finden uns in <strong>Halle 7 am Stand D-059<\/strong>. Zur besseren Orientierung hier ein Plan zur Standpositionierung vom <a title=\"Ausstellerverzeichnis dmexco\" href=\"https:\/\/service.dmexco.de\/km_vis-cgi\/km_vis\/vis\/custom\/ext2\/index.cgi?fair=dmexco2013&amp;lang=1&amp;lang=1&amp;ticket=g_u_e_s_t&amp;oid=1350&amp;src=Ausstellersuche\" target=\"_blank\" rel=\"noopener\">Ausstellerverzeichnis<\/a> der dmexco:<br \/>\n<img loading=\"lazy\" decoding=\"async\" class=\"size-full wp-image-25511 aligncenter\" src=\"https:\/\/www.brandwatch.com\/de\/wp-content\/uploads\/2013\/08\/Bildschirmfoto-2013-08-13-um-08.43.02.png\" alt=\"Brandwatch Standpositionierung dmexco\" width=\"457\" height=\"246\" \/><\/p>\n<p>Wir stecken mitten in den letzten Vorbereitungen f\u00fcr die dmexco und k\u00f6nnen Ihnen jetzt schon verraten, dass sich ein Besuch an unserem Stand definitiv lohnen wird. Wenn Sie Brandwatch schon kennen, kommen Sie gerne vorbei, um einen Einblick in unsere Neuerungen der letzten Zeit zu bekommen und uns mit Fragen zu l\u00f6chern :) Es hat sich sehr viel getan und Sie werden \u00fcber die unz\u00e4hligen Updates staunen.<\/p>\n<p>Wenn Brandwatch noch neu f\u00fcr Sie ist, zeigt Ihnen unser dmexco-Team gerne, wie Sie mit unserem Social Media Monitoring Tool effizient und zeitsparend die relevanten Gespr\u00e4che zu Ihrer Marke im Netz finden und analysieren. Bringen Sie gerne Ihr eigenes Beispiel mit und wir setzen Ihnen im Handumdrehen ein erstes Live-Monitoring zu Ihrer Marke an unserem Stand auf.<\/p>\n<p><strong><a title=\"Brandwatch dmexco Termin\" href=\"https:\/\/www.brandwatch.com\/de\/brandwatch-auf-der-dmexco\/\">&gt;&gt; Vereinbaren Sie jetzt einen Termin mit uns!<\/a> <\/strong><\/p>\n<p>Sollten Sie bereits eine konkrete Fragestellung haben oder mit einem bestimmten Mitarbeiter aus unserem Team reden wollen, dann schreiben Sie dies gerne ins Anmerkungsfeld. Nat\u00fcrlich sind wir auch unabh\u00e4ngig von der dmexco <a title=\"Brandwatch Kontakt\" href=\"https:\/\/www.brandwatch.com\/de\/contact-us\/\">immer f\u00fcr Sie da<\/a> :)<\/p>\n<p>Ein Highlight f\u00fcr Ihre dmexco-Terminplanung k\u00f6nnen wir Ihnen jetzt schon verraten. Unser CEO Giles Palmer wird in diesem Jahr vor Ort sein. Am 19.09.2013 h\u00e4lt er um 10:30Uhr im Speaker&#8217;s Corner einen Vortrag zum Thema &#8222;Owned Media vs. Earned Media &#8211; Tipps und Tricks f\u00fcr eine erfolgreiche Messung und Analyse&#8220;. Details finden Sie im <a title=\"Konferenzprogramm\" href=\"http:\/\/www.dmexco.de\/ConferenceProgram2013.php?Typ=SeminarList&amp;Location=5&amp;Day=2&amp;Lang=1\" target=\"_blank\" rel=\"noopener\">Konferenzprogramm<\/a>.<\/p>\n<p>Allen, denen die dmexco 2012 schon wieder viel zu lange her vorkommt, sei der Link zu unserem <a title=\"dmexco R\u00fcckblick 2012\" href=\"https:\/\/www.brandwatch.com\/de\/2012\/09\/ruckblick-brandwatch-dmexco-2012\/\">R\u00fcckblick-Blogpost<\/a> mit diversen Highlights und Impressionen empfohlen. Viel Spa\u00df beim Durchschauen und hoffentlich auf ein Wiedersehen \/ Kennerlernen in diesem Jahr!<\/p>\n","protected":false},"excerpt":{"rendered":"<p>Der Countdown l\u00e4uft: In einem guten Monat \u00f6ffnet die dmexco ihre Pforten und tausende Besucher str\u00f6men auf das Messegel\u00e4nde in K\u00f6ln. Die dmexco ist die internationale Leitmesse und Konferenz f\u00fcr die digitale Industrie und z\u00e4hlt auch f\u00fcr Brandwatch zu den wichtigsten Events. Daher sind wir auch in diesem Jahr wieder mit einem Stand vertreten und [&hellip;]<\/p>\n","protected":false},"author":161,"featured_media":25499,"comment_status":"closed","ping_status":"closed","sticky":false,"template":"","format":"standard","meta":{"_acf_changed":false},"categories":[565],"tags":[955,63,71,956,958,957,959],"class_list":["post-25492","post","type-post","status-publish","format-standard","has-post-thumbnail","hentry","category-events-2","tag-aussteller","tag-brandwatch","tag-dmexco","tag-speakers-corner","tag-termin","tag-terminvereinbarung","tag-treffen"],"acf":[],"_links":{"self":[{"href":"https:\/\/www.brandwatch.com\/de\/wp-json\/wp\/v2\/posts\/25492","targetHints":{"allow":["GET"]}}],"collection":[{"href":"https:\/\/www.brandwatch.com\/de\/wp-json\/wp\/v2\/posts"}],"about":[{"href":"https:\/\/www.brandwatch.com\/de\/wp-json\/wp\/v2\/types\/post"}],"author":[{"embeddable":true,"href":"https:\/\/www.brandwatch.com\/de\/wp-json\/wp\/v2\/users\/161"}],"replies":[{"embeddable":true,"href":"https:\/\/www.brandwatch.com\/de\/wp-json\/wp\/v2\/comments?post=25492"}],"version-history":[{"count":0,"href":"https:\/\/www.brandwatch.com\/de\/wp-json\/wp\/v2\/posts\/25492\/revisions"}],"wp:featuredmedia":[{"embeddable":true,"href":"https:\/\/www.brandwatch.com\/de\/wp-json\/wp\/v2\/media\/25499"}],"wp:attachment":[{"href":"https:\/\/www.brandwatch.com\/de\/wp-json\/wp\/v2\/media?parent=25492"}],"wp:term":[{"taxonomy":"category","embeddable":true,"href":"https:\/\/www.brandwatch.com\/de\/wp-json\/wp\/v2\/categories?post=25492"},{"taxonomy":"post_tag","embeddable":true,"href":"https:\/\/www.brandwatch.com\/de\/wp-json\/wp\/v2\/tags?post=25492"}],"curies":[{"name":"wp","href":"https:\/\/api.w.org\/{rel}","templated":true}]}}