{"id":25798,"date":"2013-09-06T18:42:30","date_gmt":"2013-09-06T16:42:30","guid":{"rendered":"https:\/\/www.brandwatch.com\/de\/?p=25798"},"modified":"2024-09-02T15:49:04","modified_gmt":"2024-09-02T13:49:04","slug":"das-tvduell-im-social-web","status":"publish","type":"post","link":"https:\/\/www.brandwatch.com\/de\/blog\/das-tvduell-im-social-web\/","title":{"rendered":"Das #tvduell im Social Web"},"content":{"rendered":"<p>Merkel vs. Steinbr\u00fcck hie\u00df es letzten Sonntag im TV-Duell, das auf vier Fernsehsendern gleichzeitig \u00fcbertragen wurde. Nicht nur im TV wurde hei\u00df diskutiert, sondern auch im Social Web. Wir haben den Social Buzz mit unserem <a title=\"Brandwatch\" href=\"https:\/\/www.brandwatch.com\/de\">Brandwatch Monitoring Tool <\/a>analysiert und stellen in diesem Blogbeitrag die Ergebnisse vor.<!--more--><\/p>\n<p>Das TV-Duell war ein erneuter Beweis, dass sich der Siegeszug von Second Screen weiter fortsetzt. Alle, die parallel zur Sendung auf Twitter den Hashtag #tvduell verfolgt haben, d\u00fcrften mit dem Lesen gar nicht hinterhergekommen sein. Im Sekundentakt trudelten neue Tweets mit Kommentaren rund um die Show ein. Mehr als 2.600 Tweets pro Minute (!) waren als Topwert zu verzeichnen.<\/p>\n<p>Der Gro\u00dfteil der Gespr\u00e4che im Social Web drehte sich, wie erwartet, um die in den 90 Minuten besprochenen Themen, u.a. Koalition, Mindestlohn, Betreuungsgeld, Maut und PRISM. Die folgende Topic Cloud zeigt die Details:<\/p>\n<p><a href=\"https:\/\/www.brandwatch.com\/de\/wp-content\/uploads\/2013\/09\/tvduell-Topic-Cloud.png\"><img loading=\"lazy\" decoding=\"async\" class=\"alignnone size-full wp-image-25799\" src=\"https:\/\/www.brandwatch.com\/de\/wp-content\/uploads\/2013\/09\/tvduell-Topic-Cloud.png\" alt=\"tvduell Topic Cloud\" width=\"570\" height=\"320\" \/><\/a><\/p>\n<p>Aber auch Merkels Kette, die <a title=\"Twitter schlandkette\" href=\"http:\/\/twitter.com\/schlandkette\" target=\"_blank\" rel=\"noopener\">@schlandkette<\/a>, war ein regelm\u00e4\u00dfiges Thema, das aus dem Nix kam und blitzschnell f\u00fcr eine gigantische Anzahl an Erw\u00e4hnungen sorgte. Und damit verdient die Kette auch ihre eigene Themenwolke:<br \/>\n<a href=\"https:\/\/www.brandwatch.com\/de\/wp-content\/uploads\/2013\/09\/topics_1378480478188.png\"><img loading=\"lazy\" decoding=\"async\" class=\"alignnone size-full wp-image-25807\" src=\"https:\/\/www.brandwatch.com\/de\/wp-content\/uploads\/2013\/09\/topics_1378480478188.png\" alt=\"Topic Cloud schlandkette\" width=\"720\" height=\"470\" \/><\/a><\/p>\n<p>Passend dazu eine dritte Topic Cloud: Mit unserer <a title=\"Brandwatch Twitter Insights\" href=\"https:\/\/www.brandwatch.com\/de\/2013\/04\/produkt-update-twitter-insights\/\">Twitter Insights Komponente<\/a> haben wir uns die meistgenannten Tweeter, Hashtags und Emoticons rund um das #tvduell angeschaut. Und hier sind sie:<\/p>\n<p><a href=\"https:\/\/www.brandwatch.com\/de\/wp-content\/uploads\/2013\/09\/Bildschirmfoto-2013-09-06-um-17.20.20.png\"><img loading=\"lazy\" decoding=\"async\" class=\"alignnone size-full wp-image-25811\" src=\"https:\/\/www.brandwatch.com\/de\/wp-content\/uploads\/2013\/09\/Bildschirmfoto-2013-09-06-um-17.20.20.png\" alt=\"Brandwatch Twitter Insights\" width=\"697\" height=\"304\" \/><\/a><\/p>\n<p>Die @schlandkette liegt auch hier hoch im Kurs. Interessant ist, dass auch Stefan Raab besonders h\u00e4ufig im Zusammenhang mit dem TV-Duell genannt wird. Seine drei Mit-Moderatoren tauchen in den Gespr\u00e4chen der Netzgemeinde deutlich weniger auf. Und wie oft wurden die vier TV-Sender erw\u00e4hnt, die das Duell \u00fcbertragen haben? Dieses Chart verr\u00e4t es:<\/p>\n<p><a href=\"https:\/\/www.brandwatch.com\/de\/wp-content\/uploads\/2013\/09\/chart.png\"><img loading=\"lazy\" decoding=\"async\" class=\"alignnone size-full wp-image-25813\" src=\"https:\/\/www.brandwatch.com\/de\/wp-content\/uploads\/2013\/09\/chart.png\" alt=\"TV Sender #tvduell\" width=\"737\" height=\"400\" \/><\/a><\/p>\n<p>Taucht man noch etwas tiefer in die Analyse ein, wird deutlich, dass der Gro\u00dfteil aller Erw\u00e4hnungen der vier Sendernamen (wie auch der Rest des Social Buzz) auf Twitter stattfindet. ProSieben wird dar\u00fcber hinaus vergleichsweise h\u00e4ufig auf Newsportalen genannt.<\/p>\n<p><a href=\"https:\/\/www.brandwatch.com\/de\/wp-content\/uploads\/2013\/09\/chart_tvduell_from_undefined_to_undefined_748px.png\"><img loading=\"lazy\" decoding=\"async\" class=\"alignnone size-full wp-image-25815\" src=\"https:\/\/www.brandwatch.com\/de\/wp-content\/uploads\/2013\/09\/chart_tvduell_from_undefined_to_undefined_748px.png\" alt=\"#tvduell Fernsehsender Seitentypen\" width=\"748\" height=\"400\" \/><\/a><\/p>\n<p>Zudem haben wir einen Vergleich gezogen, wie oft die beiden Kanzlerkandidaten w\u00e4hrend des TV-Duells erw\u00e4hnt wurden und auf welchen Portalen. Anhand der reinen Anzahl an Nennungen lag Angela Merkel vor Peer Steinbr\u00fcck. Auch hier konzentrieren sich wieder fast alle Gespr\u00e4che auf Twitter.<\/p>\n<p><a href=\"https:\/\/www.brandwatch.com\/de\/wp-content\/uploads\/2013\/09\/chart_tvduell_from_undefined_to_undefined_748px-5.png\"><img loading=\"lazy\" decoding=\"async\" class=\"alignnone size-full wp-image-25819\" src=\"https:\/\/www.brandwatch.com\/de\/wp-content\/uploads\/2013\/09\/chart_tvduell_from_undefined_to_undefined_748px-5.png\" alt=\"#tvduell Merkel vs. Steinbr\u00fcck\" width=\"748\" height=\"400\" \/><\/a><\/p>\n<p>Allerdings ist nicht nur die Anzahl der Nennungen relevant, sondern auch der Inhalt der Social Mentions rund um Kandidatin und Kandidat. Um hierzu n\u00e4here Informationen zu gewinnen, sind wir tiefer in die jeweiligen Topic Clouds eingetaucht:<\/p>\n<p><a href=\"https:\/\/www.brandwatch.com\/de\/wp-content\/uploads\/2013\/09\/Bildschirmfoto-2013-09-06-um-18.22.35.png\"><img loading=\"lazy\" decoding=\"async\" class=\"alignnone size-full wp-image-25822\" src=\"https:\/\/www.brandwatch.com\/de\/wp-content\/uploads\/2013\/09\/Bildschirmfoto-2013-09-06-um-18.22.35.png\" alt=\"#tvduell Topic Cloud Merkel vs. Steinbr\u00fcck\" width=\"895\" height=\"380\" \/><\/a><\/p>\n<p>Die Tonalit\u00e4t der Erw\u00e4hnungen, das sogenannte Sentiment, spielt eine ebenso gro\u00dfe Rolle. Viele Treffer zum TV-Duell enthielten Ironie, Sarkasmus und direkte Vergleiche, was die rein automatische Sentimentanalyse erschwert. Daher haben wir eine Stichprobe von insgesamt 600 Erw\u00e4hnungen &#8211; 300 zu Angela Merkel und 300 zu Peer Steinbr\u00fcck &#8211; gezogen und diese manuell codiert. Das Ergebnis sieht wie folgt aus:<\/p>\n<p><a href=\"https:\/\/www.brandwatch.com\/de\/wp-content\/uploads\/2013\/09\/chart_tvduell_from_undefined_to_undefined_748px-4.png\"><img loading=\"lazy\" decoding=\"async\" class=\"alignnone size-full wp-image-25817\" src=\"https:\/\/www.brandwatch.com\/de\/wp-content\/uploads\/2013\/09\/chart_tvduell_from_undefined_to_undefined_748px-4.png\" alt=\"Tonalit\u00e4t #tvduell\" width=\"748\" height=\"400\" \/><\/a><\/p>\n<p>Exemplarischen haben wir uns vier Tweets \u00fcber den beiden herausgesucht (jeweils ein positiver und ein negativer) und zwar zu Inhalten, die wir bei der manuellen Analyse h\u00e4ufiger gelesen haben:<\/p>\n<blockquote class=\"twitter-tweet\"><p>Es geht immer als erstes um das Land! <a href=\"https:\/\/twitter.com\/search?q=%23merkel&amp;src=hash\" target=\"_blank\" rel=\"noopener\">#merkel<\/a> im <a href=\"https:\/\/twitter.com\/search?q=%23tvduell&amp;src=hash\" target=\"_blank\" rel=\"noopener\">#tvduell<\/a> auf Antwort auf eine gro\u00dfe Koalition <a href=\"https:\/\/twitter.com\/search?q=%23btw13&amp;src=hash\" target=\"_blank\" rel=\"noopener\">#btw13<\/a>! Sehr souver\u00e4ner Auftritt<\/p>\n<p>\u2014 Thea Neubauer (@ThNeu) <a href=\"https:\/\/twitter.com\/ThNeu\/statuses\/374259229387149312\" target=\"_blank\" rel=\"noopener\">September 1, 2013<\/a><\/p><\/blockquote>\n<p><script async src=\"\/\/platform.twitter.com\/widgets.js\" charset=\"utf-8\"><\/script><\/p>\n<blockquote class=\"twitter-tweet\"><p>Merkel heute gro\u00dfz\u00fcgig: Sie h\u00f6rt sich die Frage vorher an, bevor sie sie ignoriert! <a href=\"https:\/\/twitter.com\/search?q=%23tvduell&amp;src=hash\" target=\"_blank\" rel=\"noopener\">#tvduell<\/a><\/p>\n<p>\u2014 Dennis Morhardt (@gglnx) <a href=\"https:\/\/twitter.com\/gglnx\/statuses\/374245732200771584\" target=\"_blank\" rel=\"noopener\">September 1, 2013<\/a><\/p><\/blockquote>\n<p><script async src=\"\/\/platform.twitter.com\/widgets.js\" charset=\"utf-8\"><\/script><\/p>\n<blockquote class=\"twitter-tweet\"><p>Peer Steinbr\u00fcck ist wirklich gut. Wirklich gut. Ich bin positiv \u00fcberrascht <a href=\"https:\/\/twitter.com\/search?q=%23tvduell&amp;src=hash\" target=\"_blank\" rel=\"noopener\">#tvduell<\/a><\/p>\n<p>\u2014 Alexander Wuttke (@Kunkakom) <a href=\"https:\/\/twitter.com\/Kunkakom\/statuses\/374248648151814144\" target=\"_blank\" rel=\"noopener\">September 1, 2013<\/a><\/p><\/blockquote>\n<p><script async src=\"\/\/platform.twitter.com\/widgets.js\" charset=\"utf-8\"><\/script><\/p>\n<blockquote class=\"twitter-tweet\"><p>Wichtigster Satz von Steinbr\u00fcck: &#8222;Ich bin privatversichert!&#8220; Jetzt schalt ich aus. <a href=\"https:\/\/twitter.com\/search?q=%23tvduell&amp;src=hash\" target=\"_blank\" rel=\"noopener\">#tvduell<\/a><\/p>\n<p>\u2014 Christopher De (@HairLich) <a href=\"https:\/\/twitter.com\/HairLich\/statuses\/374254867742601216\" target=\"_blank\" rel=\"noopener\">September 1, 2013<\/a><\/p><\/blockquote>\n<p><script async src=\"\/\/platform.twitter.com\/widgets.js\" charset=\"utf-8\"><\/script><\/p>\n<p>Nun bleibt nur noch zu sagen, dass wir bis zur Bundestagswahl weitere Analysen mit unserem <a title=\"Social Media Monitoring\" href=\"https:\/\/www.brandwatch.com\/de\/social-media-monitoring\/#2\">Social Media Monitoring<\/a> Tool durchf\u00fchren und ver\u00f6ffentlichen werden. Die Fortf\u00fchrung der Social Buzz-Analysen zur #btw13 ist hier im Brandwatch-Blog zu lesen.<\/p>\n","protected":false},"excerpt":{"rendered":"<p>Merkel vs. Steinbr\u00fcck hie\u00df es letzten Sonntag im TV-Duell, das auf vier Fernsehsendern gleichzeitig \u00fcbertragen wurde. Nicht nur im TV wurde hei\u00df diskutiert, sondern auch im Social Web. Wir haben den Social Buzz mit unserem Brandwatch Monitoring Tool analysiert und stellen in diesem Blogbeitrag die Ergebnisse vor.<\/p>\n","protected":false},"author":161,"featured_media":25799,"comment_status":"closed","ping_status":"closed","sticky":false,"template":"","format":"standard","meta":{"_acf_changed":false},"categories":[3454,567],"tags":[986,987,985,984],"class_list":["post-25798","post","type-post","status-publish","format-standard","has-post-thumbnail","hentry","category-analysen","category-buzz","tag-btw13","tag-bundestagswahl","tag-tv-duell","tag-tvduell"],"acf":[],"_links":{"self":[{"href":"https:\/\/www.brandwatch.com\/de\/wp-json\/wp\/v2\/posts\/25798","targetHints":{"allow":["GET"]}}],"collection":[{"href":"https:\/\/www.brandwatch.com\/de\/wp-json\/wp\/v2\/posts"}],"about":[{"href":"https:\/\/www.brandwatch.com\/de\/wp-json\/wp\/v2\/types\/post"}],"author":[{"embeddable":true,"href":"https:\/\/www.brandwatch.com\/de\/wp-json\/wp\/v2\/users\/161"}],"replies":[{"embeddable":true,"href":"https:\/\/www.brandwatch.com\/de\/wp-json\/wp\/v2\/comments?post=25798"}],"version-history":[{"count":0,"href":"https:\/\/www.brandwatch.com\/de\/wp-json\/wp\/v2\/posts\/25798\/revisions"}],"wp:featuredmedia":[{"embeddable":true,"href":"https:\/\/www.brandwatch.com\/de\/wp-json\/wp\/v2\/media\/25799"}],"wp:attachment":[{"href":"https:\/\/www.brandwatch.com\/de\/wp-json\/wp\/v2\/media?parent=25798"}],"wp:term":[{"taxonomy":"category","embeddable":true,"href":"https:\/\/www.brandwatch.com\/de\/wp-json\/wp\/v2\/categories?post=25798"},{"taxonomy":"post_tag","embeddable":true,"href":"https:\/\/www.brandwatch.com\/de\/wp-json\/wp\/v2\/tags?post=25798"}],"curies":[{"name":"wp","href":"https:\/\/api.w.org\/{rel}","templated":true}]}}