{"id":28630,"date":"2012-11-08T11:32:25","date_gmt":"2012-11-08T09:32:25","guid":{"rendered":"https:\/\/www.brandwatch.com\/de\/?p=28630"},"modified":"2024-09-23T18:41:04","modified_gmt":"2024-09-23T16:41:04","slug":"ruckblick-19-social-media-night-stuttgart-uber-fusball-einen-eimer-und-karaoke","status":"publish","type":"post","link":"https:\/\/www.brandwatch.com\/de\/blog\/ruckblick-19-social-media-night-stuttgart-uber-fusball-einen-eimer-und-karaoke\/","title":{"rendered":"R\u00fcckblick 19. Social Media Night Stuttgart: \u00dcber Fu\u00dfball, einen Eimer und Karaoke"},"content":{"rendered":"<p>Wie sich Fu\u00dfball, ein Eimer und Karaoke kombinieren lassen, hat die gestrige\u00a0<a title=\"Social Media Night Stuttgart\" href=\"https:\/\/www.xing.com\/events\/19-social-media-night-stuttgart-7-11-2012-1152460\" target=\"_blank\" rel=\"noopener\">Social Media Night Stuttgart<\/a>\u00a0gezeigt. Wir von Brandwatch waren vor Ort und haben die Highlights des Events zusammengefasst &#8211; nat\u00fcrlich auch mit Hinblick auf den Social Buzz.<!--more--><\/p>\n<p>Nachdem zur <a title=\"18. Social Media Night\" href=\"http:\/\/de.brandwatch.com\/2012\/10\/ruckblick-zur-18-social-media-night-stuttgart\/\" target=\"_blank\" rel=\"noopener\">letzten Social Media Night<\/a> eine kleinere Weltreise nach Ehningen n\u00f6tig war, fand die 19. Veranstaltung dieser Reihe wieder im altbekannten Mercedes Benz Museum statt. 200 Tickets standen zur Verf\u00fcgung, die wie immer sehr schnell vergriffen waren. Es galt nicht das Motto <em>&#8222;&#8230; und bei der Social Media Night sitzen Sie in der ersten Reihe.&#8220;<\/em> &#8211; zumindest nicht f\u00fcr uns, denn es war proppenvoll und wir konnten nur noch einen Stehplatz ergattern. Daf\u00fcr aber mit bester Sicht auf die Redner.<\/p>\n<p>Nach der Begr\u00fc\u00dfung durch den Organisator <a title=\"Twitter Markus Besch\" href=\"http:\/\/www.twitter.com\/mbesch\" target=\"_blank\" rel=\"noopener\">Markus Besch<\/a>, ging es auch schon los mit dem Thema &#8222;Social Media im Spitzensport&#8220;, vorgetragen von\u00a0<a href=\"https:\/\/www.xing.com\/profile\/Andre_Buehler\" target=\"_blank\" rel=\"nofollow noopener\">Prof Dr. Andr\u00e9 B\u00fchler<\/a>.<\/p>\n<p><a href=\"\/de\/wp-content\/uploads\/2012\/11\/20121107_194143.jpg\" rel=\"shadowbox\"><img loading=\"lazy\" decoding=\"async\" class=\"aligncenter size-full wp-image-10050\" title=\"Sportmarketing\" src=\"\/de\/wp-content\/uploads\/2012\/11\/20121107_194143.jpg\" alt=\"\" width=\"1024\" height=\"605\" \/><\/a><\/p>\n<p style=\"text-align: center;\"><em>Abb. 1: Vortrag von Prof. Dr. Andr\u00e9 B\u00fchler<\/em><\/p>\n<p>Andr\u00e9 B\u00fchler stellte zun\u00e4chst einmal klar, dass es in Deutschland genau vier Sportarten gibt, die von Bedeutung sind: Fu\u00dfball, Fu\u00dfball, Fu\u00dfball und Fu\u00dfball. Dementsprechend drehte sich auch der Vortrag vorrangig um&#8230;. Fu\u00dfball! Er pr\u00e4sentierte Ergebnisse einer Studie der Macromedia Hochschule Stuttgart, in deren Rahmen die Social Media Aktivit\u00e4ten professioneller Sportorganisationen im deutschen Profisport analysiert wurden. Die Studie steht <a title=\"Studie Social Media im Profisport\" href=\"http:\/\/w991745.blob3.ge.tt\/streams\/8ZltOzH\/Studie%20Social%20Media%20im%20Profisport.pdf?sig=-TrfcG3Urk1JKPZI3TpmO0egwTCFZzDw8GY\" target=\"_blank\" rel=\"noopener\">hier zum Download<\/a> zur Verf\u00fcgung. Soviel sei vorab verraten: Werder Bremen nutzt das Social-Potenzial wohl am besten und wurde zum &#8222;Deutschen Social Media Meister&#8220; unter den Fu\u00dfballern gek\u00fcrt.<\/p>\n<p>Genug zum Fu\u00dfball, nun geht es weiter mit dem oben angek\u00fcndigten Eimer. Dieser diente als Einleitung des Vortrages &#8222;Change Management und Social Media&#8220; von <a title=\"Twitter Ingo Sauer\" href=\"http:\/\/www.twitter.com\/scytto\" target=\"_blank\" rel=\"noopener\">Ingo Sauer<\/a>. Genauer gesagt handelte es sich um einen Tweet an @DB_Bahn mit dem Text: <em>&#8222;Liebe @DB_Bahn &#8211; warum steht ein gro\u00dfer K\u00fcbel Wasser auf dem Bahnsteig Euskirchen? &#8230;&#8220;<\/em>. Auf diesen hatte die Bahn ausgezeichnet reagiert, wie in der <a title=\"Pr\u00e4sentation auf SlideShare\" href=\"https:\/\/de.slideshare.net\/scytto\/changemanagement-was-ist-das-berhaupt-wie-passt-da-socialmedia-rein\" target=\"_blank\" rel=\"noopener\">Pr\u00e4sentation<\/a>\u00a0(Folien 4-6) skizziert.<\/p>\n<p><a href=\"\/de\/wp-content\/uploads\/2012\/11\/socialmedianight2.jpg\" rel=\"shadowbox\"><img loading=\"lazy\" decoding=\"async\" class=\"aligncenter size-full wp-image-10057\" title=\"Social Media Night Ingo Sauer\" src=\"\/de\/wp-content\/uploads\/2012\/11\/socialmedianight2.jpg\" alt=\"\" width=\"861\" height=\"555\" \/><\/a><\/p>\n<p style=\"text-align: center;\"><em>Abb. 2: Vortrag von Ingo Sauer<\/em><\/p>\n<p>Es folgte eine Darstellung der 7 Phasen der Ver\u00e4nderung (<a title=\"SlideShare Pr\u00e4sentation\" href=\"https:\/\/de.slideshare.net\/scytto\/changemanagement-was-ist-das-berhaupt-wie-passt-da-socialmedia-rein\" target=\"_blank\" rel=\"noopener\">siehe ebenso Pr\u00e4sentation<\/a>), den Zielen des Change Managements und Beispielen aus der Praxis. Das Statement <em>&#8222;Einf\u00fchrung von Social Media &#8211; ohne die M\u00f6glichkeit von Ver\u00e4nderungen im Unternehmen selbst &#8211; ist Vergeudung von Potenzial.&#8220;<\/em> fasste die Inhalte sehr sch\u00f6n zusammen.<\/p>\n<p>Und bevor wir uns den Social Buzz zur Social Media Night anschauen, noch kurz zum Thema &#8222;Karaoke&#8220;:<\/p>\n<p style=\"text-align: center;\"><a href=\"\/de\/wp-content\/uploads\/2012\/11\/tweetsmcst.png\" rel=\"shadowbox\"><img loading=\"lazy\" decoding=\"async\" class=\"aligncenter size-full wp-image-10059\" title=\"Karaoke\" src=\"\/de\/wp-content\/uploads\/2012\/11\/tweetsmcst.png\" alt=\"\" width=\"511\" height=\"84\" \/><\/a><\/p>\n<p style=\"text-align: center;\"><em>Abb. 3: Tweet Social Media Karaoke<\/em><\/p>\n<p>Ja, <a title=\"Twitter Schiri\" href=\"http:\/\/www.twitter.com\/schiri\" target=\"_blank\" rel=\"noopener\">@Schiri<\/a>, diesen Vorschlag nehmen wir gerne an und stellen unser Stuttgarter B\u00fcro f\u00fcr einen musikalischen Abend zur Verf\u00fcgung! Idee ist ein Weihnachtsmarktbesuch im Dezember mit anschlie\u00dfendem Social Media Karaoke (<a title=\"#SoMeKaraoke\" href=\"https:\/\/www.twitter.com\/search?q=%23SoMeKaraoke\" target=\"_blank\" rel=\"noopener\">#SoMeKaraoke<\/a>) in unserem Office N\u00e4he Schwabstra\u00dfe. Alle Interessenten melden sich einfach <a title=\"Mail Susanne Ullrich\" href=\"mailto:susanne@brandwatch.com\" target=\"_blank\" rel=\"noopener\">per Mail<\/a> und werden mit der weiteren Planung auf dem Laufenden gehalten. Bitte beachten, dass wir nicht unbegrenzt Platz haben, daher gilt das Prinzip: First come, first served. Freuen uns auf jeden Fall \u00fcber zahlreiche Mitsinger :)<\/p>\n<p>So, und nun zum Social Buzz: Insgesamt gab es 501 Social Mentions zur <a title=\"SCMST\" href=\"https:\/\/twitter.com\/smcst\" target=\"_blank\" rel=\"noopener\">Social Media Night Stuttgart<\/a> am 07.11. und 08.11., wie wir mit unserem <a title=\"Brandwatch Social Media Monitoring\" href=\"http:\/\/de.brandwatch.com\/social-media-monitoring\/\" target=\"_blank\" rel=\"noopener\">Social Media Monitoring Tool Brandwatch<\/a> ermittelt haben. Der Gro\u00dfteil der Mentions fand gestern Abend statt und hat sich wie folgt verteilt:<\/p>\n<p style=\"text-align: center;\"><a href=\"\/de\/wp-content\/uploads\/2012\/11\/Mentions-pro-Stunde1.png\" rel=\"shadowbox\"><img loading=\"lazy\" decoding=\"async\" class=\"aligncenter size-full wp-image-10060\" title=\"Mentions pro Stunde\" src=\"\/de\/wp-content\/uploads\/2012\/11\/Mentions-pro-Stunde1.png\" alt=\"\" width=\"2014\" height=\"984\" \/><\/a><\/p>\n<p style=\"text-align: center;\"><em>Abb. 4: Mentions pro Stunde vom 07.11.2012<\/em><\/p>\n<p style=\"text-align: left;\">Diese 15 Top-Tweeter haben ma\u00dfgeblich zu der doch recht beachtlichen Summe an Mentions beigetragen:<\/p>\n<p style=\"text-align: center;\"><a href=\"\/de\/wp-content\/uploads\/2012\/11\/export_Social_Media_Night_Stuttgart_from_7-Nov_to_8-Nov_1189px.png\" rel=\"shadowbox\"><img loading=\"lazy\" decoding=\"async\" class=\"aligncenter size-full wp-image-10061\" title=\"Top 15 Tweeter\" src=\"\/de\/wp-content\/uploads\/2012\/11\/export_Social_Media_Night_Stuttgart_from_7-Nov_to_8-Nov_1189px.png\" alt=\"\" width=\"1189\" height=\"400\" \/><\/a><\/p>\n<p style=\"text-align: center;\"><em>Abb. 5: Top 15 Tweeter vom 07. und 08.11.2012<\/em><\/p>\n<p style=\"text-align: left;\">Gold, Silber und Bronze geht diesmal an <a title=\"Twitter Milesboard\" href=\"http:\/\/www.twitter.com\/milesboard\" target=\"_blank\" rel=\"noopener\">@milesboard<\/a>, <a title=\"Twitter Andgenth\" href=\"http:\/\/www.twitter.com\/andgenth\" target=\"_blank\" rel=\"noopener\">@andgenth<\/a> und <a title=\"Twitter HubertMayer\" href=\"http:\/\/www.twitter.com\/HubertMayer\" target=\"_blank\" rel=\"noopener\">@HubertMayer<\/a>.<\/p>\n<p style=\"text-align: left;\">Und wor\u00fcber wurde am meisten diskutiert? Das verr\u00e4t unsere Brandwatch Topic Cloud:<\/p>\n<p style=\"text-align: center;\"><a href=\"\/de\/wp-content\/uploads\/2012\/11\/Topic-Cloud2.png\" rel=\"shadowbox\"><img loading=\"lazy\" decoding=\"async\" class=\"aligncenter size-full wp-image-10062\" title=\"Topic Cloud\" src=\"\/de\/wp-content\/uploads\/2012\/11\/Topic-Cloud2.png\" alt=\"\" width=\"824\" height=\"509\" \/><\/a><\/p>\n<p style=\"text-align: center;\"><em>Abb. 6: Topic Cloud zur Social Media Night vom 07. und 08.11.2012<\/em><\/p>\n<p>Wie schon bei der letzten Social Media Night gab es sehr viele Mentions zur Location. Ebenso wurden die Vortragsthemen hei\u00df diskutiert und kommentiert. Auch das Wort &#8222;Suche&#8220; kam mehrmals vor, denn die gestrige Twitter-Wall wurde verst\u00e4rkt f\u00fcr diverse <a title=\"Jobs bei Brandwatch\" href=\"http:\/\/de.brandwatch.com\/kategorie\/jobs\/\" target=\"_blank\" rel=\"noopener\">Job-Angebote<\/a> und sonstige Suchgebote genutzt.<\/p>\n<p>Last but not least kommen auch f\u00fcr dieses <a title=\"Brandwatch Events\" href=\"http:\/\/de.brandwatch.com\/demo\/events\/\" target=\"_blank\" rel=\"noopener\">Event<\/a> die Bewertungspunkte (\u201cFachlich\u201d meint \u00fcbrigens \u201cSocial Media-Themen\u201d):<br \/>\nFachlich: 5\/5<br \/>\nBusiness: 4\/5<br \/>\nNetworking: 5\/5<br \/>\nSpa\u00df: 5\/5<\/p>\n<p>Die n\u00e4chste Social Media Night Stuttgart findet am 05.12.2012 statt. <a title=\"20. SMN Stuttgart\" href=\"https:\/\/www.xing.com\/events\/20-social-media-night-stuttgart-5-12-2012-1165009\" target=\"_blank\" rel=\"noopener\">Tickets<\/a>\u00a0sind ab sofort verf\u00fcgbar. Brandwatch ist nat\u00fcrlich auch wieder dabei und freut sich schon auf Euch!<\/p>\n","protected":false},"excerpt":{"rendered":"<p>Wie sich Fu\u00dfball, ein Eimer und Karaoke kombinieren lassen, hat die gestrige\u00a0Social Media Night Stuttgart\u00a0gezeigt. Wir von Brandwatch waren vor Ort und haben die Highlights des Events zusammengefasst &#8211; nat\u00fcrlich auch mit Hinblick auf den Social Buzz.<\/p>\n","protected":false},"author":161,"featured_media":28637,"comment_status":"closed","ping_status":"closed","sticky":false,"template":"","format":"standard","meta":{"_acf_changed":false},"categories":[565],"tags":[663,575,427],"class_list":["post-28630","post","type-post","status-publish","format-standard","has-post-thumbnail","hentry","category-events-2","tag-fussball","tag-smcst","tag-stuttgart-2"],"acf":[],"_links":{"self":[{"href":"https:\/\/www.brandwatch.com\/de\/wp-json\/wp\/v2\/posts\/28630","targetHints":{"allow":["GET"]}}],"collection":[{"href":"https:\/\/www.brandwatch.com\/de\/wp-json\/wp\/v2\/posts"}],"about":[{"href":"https:\/\/www.brandwatch.com\/de\/wp-json\/wp\/v2\/types\/post"}],"author":[{"embeddable":true,"href":"https:\/\/www.brandwatch.com\/de\/wp-json\/wp\/v2\/users\/161"}],"replies":[{"embeddable":true,"href":"https:\/\/www.brandwatch.com\/de\/wp-json\/wp\/v2\/comments?post=28630"}],"version-history":[{"count":0,"href":"https:\/\/www.brandwatch.com\/de\/wp-json\/wp\/v2\/posts\/28630\/revisions"}],"wp:featuredmedia":[{"embeddable":true,"href":"https:\/\/www.brandwatch.com\/de\/wp-json\/wp\/v2\/media\/28637"}],"wp:attachment":[{"href":"https:\/\/www.brandwatch.com\/de\/wp-json\/wp\/v2\/media?parent=28630"}],"wp:term":[{"taxonomy":"category","embeddable":true,"href":"https:\/\/www.brandwatch.com\/de\/wp-json\/wp\/v2\/categories?post=28630"},{"taxonomy":"post_tag","embeddable":true,"href":"https:\/\/www.brandwatch.com\/de\/wp-json\/wp\/v2\/tags?post=28630"}],"curies":[{"name":"wp","href":"https:\/\/api.w.org\/{rel}","templated":true}]}}