{"id":28895,"date":"2012-09-18T17:23:15","date_gmt":"2012-09-18T15:23:15","guid":{"rendered":"https:\/\/www.brandwatch.com\/de\/?p=28895"},"modified":"2025-08-12T15:32:56","modified_gmt":"2025-08-12T13:32:56","slug":"gipfel-am-horizont-2","status":"publish","type":"post","link":"https:\/\/www.brandwatch.com\/de\/blog\/gipfel-am-horizont-2\/","title":{"rendered":"Gipfel am Horizont"},"content":{"rendered":"<p>In genau einer Woche startet in Hamburg der &#8222;<a href=\"http:\/\/www.d2m-summit.de\/index.html\" target=\"_blank\" rel=\"noopener\">Digital Marketing &amp; Media Summit<\/a>&#8220; und wir freuen uns, die spannende zweit\u00e4gige Veranstaltung mit <a href=\"\/de\/\">Brandwatch<\/a> als Sponsor unterst\u00fctzen zu k\u00f6nnen. Die Veranstaltung b\u00fcndelt Community &amp; Marketing 2.0 SUMMIT, PR 2.0 FORUM und Future Media SUMMIT und nicht nur angesichts der angek\u00fcndigten 30 Fallbeispiele k\u00f6nnen wir alle wohl vielen spannenden Diskussionen entgegen sehen.<br \/>\n<!--more--><\/p>\n<p>Im Vorfeld der Veranstaltung hat Organisator Bj\u00f6rn Negelmann mit Julius Dietz und Susanne Ullrich aus unserem <a href=\"\/de\/company\/the-team\/\">Team<\/a> ein l\u00e4ngeres Interview zum Thema <a href=\"\/de\/social-media-monitoring\/\">&#8222;Social Media Monitoring&#8220;<\/a> gef\u00fchrt (siehe auch &#8222;<a href=\"http:\/\/espresso-digital.de\/blog\/2012\/08\/24\/brandwatch-verspricht-ein-tool-fur-alle-monitoring-anspruche-geht-das\/\" target=\"_blank\" rel=\"noopener\">Brandwatch verspricht ein Tool f\u00fcr alle Monitoring-Anspr\u00fcche \u2013 geht das?<\/a>&#8222;):<\/p>\n<p><iframe loading=\"lazy\" title=\"#d2m12 Interview-Reihe: Herausforderungen und Anwendungsgebiete des Monitorings (Brandwatch)\" width=\"500\" height=\"375\" src=\"https:\/\/www.youtube.com\/embed\/era2NphRSJA?feature=oembed\" frameborder=\"0\" allow=\"accelerometer; autoplay; clipboard-write; encrypted-media; gyroscope; picture-in-picture; web-share\" referrerpolicy=\"strict-origin-when-cross-origin\" allowfullscreen><\/iframe><\/p>\n<p>Wir von Brandwatch werden wieder <a href=\"\/de\/buzz\/events\/\">vor Ort<\/a> sein &#8211; mit einem Stand im Ausstellungsbereich, an dem wir Ihnen Brandwatch gerne live pr\u00e4sentieren. Und freuen uns schon jetzt auf spannende Gespr\u00e4che w\u00e4hrend und nach der Veranstaltung!<\/p>\n","protected":false},"excerpt":{"rendered":"<p>In genau einer Woche startet in Hamburg der &#8222;Digital Marketing &amp; Media Summit&#8220; und wir freuen uns, die spannende zweit\u00e4gige Veranstaltung mit Brandwatch als Sponsor unterst\u00fctzen zu k\u00f6nnen. Die Veranstaltung b\u00fcndelt Community &amp; Marketing 2.0 SUMMIT, PR 2.0 FORUM und Future Media SUMMIT und nicht nur angesichts der angek\u00fcndigten 30 Fallbeispiele k\u00f6nnen wir alle wohl [&hellip;]<\/p>\n","protected":false},"author":161,"featured_media":28902,"comment_status":"closed","ping_status":"closed","sticky":false,"template":"","format":"standard","meta":{"_acf_changed":false},"categories":[565],"tags":[632,631,408,415],"class_list":["post-28895","post","type-post","status-publish","format-standard","has-post-thumbnail","hentry","category-events-2","tag-d2m12","tag-d2msummit","tag-hamburg","tag-konferenz"],"acf":[],"_links":{"self":[{"href":"https:\/\/www.brandwatch.com\/de\/wp-json\/wp\/v2\/posts\/28895","targetHints":{"allow":["GET"]}}],"collection":[{"href":"https:\/\/www.brandwatch.com\/de\/wp-json\/wp\/v2\/posts"}],"about":[{"href":"https:\/\/www.brandwatch.com\/de\/wp-json\/wp\/v2\/types\/post"}],"author":[{"embeddable":true,"href":"https:\/\/www.brandwatch.com\/de\/wp-json\/wp\/v2\/users\/161"}],"replies":[{"embeddable":true,"href":"https:\/\/www.brandwatch.com\/de\/wp-json\/wp\/v2\/comments?post=28895"}],"version-history":[{"count":0,"href":"https:\/\/www.brandwatch.com\/de\/wp-json\/wp\/v2\/posts\/28895\/revisions"}],"wp:featuredmedia":[{"embeddable":true,"href":"https:\/\/www.brandwatch.com\/de\/wp-json\/wp\/v2\/media\/28902"}],"wp:attachment":[{"href":"https:\/\/www.brandwatch.com\/de\/wp-json\/wp\/v2\/media?parent=28895"}],"wp:term":[{"taxonomy":"category","embeddable":true,"href":"https:\/\/www.brandwatch.com\/de\/wp-json\/wp\/v2\/categories?post=28895"},{"taxonomy":"post_tag","embeddable":true,"href":"https:\/\/www.brandwatch.com\/de\/wp-json\/wp\/v2\/tags?post=28895"}],"curies":[{"name":"wp","href":"https:\/\/api.w.org\/{rel}","templated":true}]}}