{"id":32744,"date":"2014-03-14T12:37:07","date_gmt":"2014-03-14T10:37:07","guid":{"rendered":"https:\/\/www.brandwatch.com\/de\/?p=32744"},"modified":"2024-09-02T18:42:22","modified_gmt":"2024-09-02T16:42:22","slug":"ruckblick-brandwatch-auf-der-cebit","status":"publish","type":"post","link":"https:\/\/www.brandwatch.com\/de\/blog\/ruckblick-brandwatch-auf-der-cebit\/","title":{"rendered":"R\u00fcckblick: Brandwatch auf der CeBIT"},"content":{"rendered":"<p>Die <a title=\"CeBIT\" href=\"http:\/\/www.cebit.de\/\" target=\"blank\" rel=\"noopener\">CeBIT<\/a> ist eine der weltweit wichtigsten Messen f\u00fcr die IT-Branche. Hier werden Trends pr\u00e4sentiert und gesetzt. Da darf Brandwatch nat\u00fcrlich nicht fehlen :) Wir waren zwei Tage vor Ort und haben einen Vortrag im <a title=\"Haus der Nationen\" href=\"http:\/\/www.cebit.de\/de\/exhibition\/partnerland\/artikel\/veranstaltung-british-business-lounge.xhtml\" target=\"_blank\" rel=\"noopener\">&#8222;Haus der Nationen&#8220;<\/a> gehalten.<!--more--><\/p>\n<p>Gro\u00dfbritannien ist der diesj\u00e4hrige L\u00e4nderpartner der CeBIT &#8211; passt perfekt, denn unser <a title=\"Brandwatch\" href=\"https:\/\/www.brandwatch.com\/de\" target=\"_blank\" rel=\"noopener\">Brandwatch<\/a>-Mutterschiff sitzt schlie\u00dflich in U.K. (Brighton). Daher war unser Vortrag im Konferenzprogramm von <a title=\"UKTI Germany\" href=\"https:\/\/www.gov.uk\/government\/world\/germany\" target=\"_blank\" rel=\"noopener\">UK Trade &amp; Invest<\/a> angesiedelt, die gemeinsam mit <a title=\"Volker Davids\" href=\"http:\/\/www.blog-kommunikation.de\/\" target=\"_blank\" rel=\"noopener\">Volker Davids<\/a> Kooperationspartner unserer <a title=\"Brandwatch B2B Social Media\" href=\"https:\/\/www.brandwatch.com\/de\/2014\/03\/brandwatch-ladt-ein-zum-event-social-media-kommunikation-fur-b2b-unternehmen-in-der-britischen-botschaft-berlin\/\" target=\"_blank\" rel=\"noopener\">&#8222;B2B &amp; Social Media&#8220;-Studie<\/a> sind.<br \/>\n<a href=\"https:\/\/www.brandwatch.com\/de\/wp-content\/uploads\/2014\/03\/Brandwatch-CeBIT-Programm.jpg\"><img loading=\"lazy\" decoding=\"async\" class=\"alignnone size-full wp-image-32746\" src=\"https:\/\/www.brandwatch.com\/de\/wp-content\/uploads\/2014\/03\/Brandwatch-CeBIT-Programm.jpg\" alt=\"Brandwatch CeBIT Programm\" width=\"1536\" height=\"1536\" srcset=\"https:\/\/www.brandwatch.com\/de\/wp-content\/uploads\/2014\/03\/Brandwatch-CeBIT-Programm.jpg 1536w, https:\/\/www.brandwatch.com\/de\/wp-content\/uploads\/2014\/03\/..\/..\/..\/themes\/brandwatch\/src\/core\/endpoints\/resize.php?image=uploads\/2014\/03\/Brandwatch-CeBIT-Programm.jpg&amp;width=150 150w\" sizes=\"auto, (max-width: 1536px) 100vw, 1536px\" \/><\/a><\/p>\n<p>Titel unseres Vortrags war &#8222;Study on how B2B companies in the UK and Germany use Social Media&#8220;. Volker Davids und ich haben in unserem Vortag die wichtigsten Unterschiede in der Internet- und Social Media-Nutzung beider L\u00e4nder erl\u00e4utert und anschlie\u00dfend einen ersten Preview auf die Ergebnisse der Studie <a title=\"Studie Social Media Kommunikation B2B\" href=\"https:\/\/www.brandwatch.com\/de\/2014\/03\/brandwatch-ladt-ein-zum-event-social-media-kommunikation-fur-b2b-unternehmen-in-der-britischen-botschaft-berlin\/\" target=\"_blank\" rel=\"noopener\">&#8222;Social Media Kommunikation f\u00fcr B2B Unternehmen&#8220;<\/a> gegeben. Die Folien k\u00f6nnen hier eingesehen werden:<\/p>\n<p><a href=\"https:\/\/de.slideshare.net\/BrandwatchDE\/ce-bit-prasentation-b2b-volker-davids-brandwatch\" target=\"blank\" rel=\"noopener\"><img loading=\"lazy\" decoding=\"async\" class=\"alignnone size-full wp-image-32748\" src=\"https:\/\/www.brandwatch.com\/de\/wp-content\/uploads\/2014\/03\/CeBIT-B2B-Social-Media-Slideshare.png\" alt=\"CeBIT B2B Social Media Slideshare\" width=\"633\" height=\"509\" \/><\/a><\/p>\n<p>Sie m\u00f6chten mehr zur Studie erfahren? Dann melden Sie sich jetzt zu unserem Event am 31.03.2014 in der Britischen Botschaft in Berlin an. Dort wird die Studie erstmals exklusiv vorgestellt und der \u00d6ffentlichtkeit pr\u00e4sentiert.<br \/>\n<strong><a title=\"B2B Event Britische Botschaft Berlin\" href=\"https:\/\/www.brandwatch.com\/de\/2014\/03\/brandwatch-ladt-ein-zum-event-social-media-kommunikation-fur-b2b-unternehmen-in-der-britischen-botschaft-berlin\/\" target=\"_blank\" rel=\"noopener\">&gt;&gt; Jetzt anmelden!<\/a><\/strong><\/p>\n<p>Im Anschluss an den Vortrag fand eine rege Diskussionen mit den Teilnehmern statt. Da im Publikum sowohl G\u00e4ste aus UK als auch als Deutschland waren, gab es Impulse aus beiden L\u00e4ndern und es war sehr spannend, gemeinsam \u00fcber Trends und Visionen zu diskutieren.<\/p>\n<p>Das #Selfie von Volker Davids und mir kurz nach dem Vortrag darf nat\u00fcrlich nicht fehlen :)<br \/>\n<a href=\"https:\/\/www.brandwatch.com\/de\/wp-content\/uploads\/2014\/03\/Brandwatch-CeBIT-Susanne-Ullrich-Volker-Davids.jpg\"><img loading=\"lazy\" decoding=\"async\" class=\"alignnone size-full wp-image-32747\" src=\"https:\/\/www.brandwatch.com\/de\/wp-content\/uploads\/2014\/03\/Brandwatch-CeBIT-Susanne-Ullrich-Volker-Davids.jpg\" alt=\"Brandwatch CeBIT Susanne Ullrich Volker Davids\" width=\"945\" height=\"945\" srcset=\"https:\/\/www.brandwatch.com\/de\/wp-content\/uploads\/2014\/03\/Brandwatch-CeBIT-Susanne-Ullrich-Volker-Davids.jpg 945w, https:\/\/www.brandwatch.com\/de\/wp-content\/uploads\/2014\/03\/..\/..\/..\/themes\/brandwatch\/src\/core\/endpoints\/resize.php?image=uploads\/2014\/03\/Brandwatch-CeBIT-Susanne-Ullrich-Volker-Davids.jpg&amp;width=150 150w\" sizes=\"auto, (max-width: 945px) 100vw, 945px\" \/><\/a><\/p>\n<p>Alles in allem war es eine super Veranstaltung und wir sagen ein ganz herzliches Dankesch\u00f6n an UKTI f\u00fcr die tolle Organisation des CeBIT-Events im &#8222;Haus der Nationen&#8220;.<\/p>\n<p>Ein weiteres Highlight war die Kooperation mit dem Smart Home Technologie-Unternehmen <a title=\"digitalSTROM\" href=\"http:\/\/www.digitalstrom.com\/\" target=\"_blank\" rel=\"noopener\">digitalSTROM<\/a>. Unsere gemeinsame <a title=\"digitalSTROM Data-Viz K\u00fchlschr\u00e4nke\" href=\"http:\/\/digitalstrom.brandwatch.de\/\" target=\"_blank\" rel=\"noopener\">Daten-Visualisierung<\/a> zum Energieverbrauch twitternder K\u00fchlschr\u00e4nke wurde vom digitalSTROM CEO Martin Vesper live auf der CeBIT-B\u00fchne pr\u00e4sentiert:<\/p>\n<blockquote class=\"twitter-tweet\" lang=\"de\"><p>Schaut mal <a href=\"https:\/\/twitter.com\/BrandwatchDE\" target=\"_blank\" rel=\"noopener\">@BrandwatchDE<\/a>: Martin Vesper stellt unser gemeinsames Tool vor :-) <a href=\"https:\/\/twitter.com\/search?q=%23CeBIT&amp;src=hash\" target=\"_blank\" rel=\"noopener\">#CeBIT<\/a> <a href=\"https:\/\/twitter.com\/search?q=%23socialbusiness&amp;src=hash\" target=\"_blank\" rel=\"noopener\">#socialbusiness<\/a> <a href=\"http:\/\/t.co\/2LboZmM4xT\">pic.twitter.com\/2LboZmM4xT<\/a><\/p>\n<p>\u2014 digitalSTROM (@digitalSTROM) <a href=\"https:\/\/twitter.com\/digitalSTROM\/statuses\/443342320713601024\" target=\"_blank\" rel=\"noopener\">11. M\u00e4rz 2014<\/a><\/p><\/blockquote>\n<p><script async src=\"\/\/platform.twitter.com\/widgets.js\" charset=\"utf-8\"><\/script><\/p>\n","protected":false},"excerpt":{"rendered":"<p>Die CeBIT ist eine der weltweit wichtigsten Messen f\u00fcr die IT-Branche. Hier werden Trends pr\u00e4sentiert und gesetzt. Da darf Brandwatch nat\u00fcrlich nicht fehlen :) Wir waren zwei Tage vor Ort und haben einen Vortrag im &#8222;Haus der Nationen&#8220; gehalten.<\/p>\n","protected":false},"author":161,"featured_media":32749,"comment_status":"closed","ping_status":"closed","sticky":false,"template":"","format":"standard","meta":{"_acf_changed":false},"categories":[565],"tags":[1329,329,828,200,982,815,99,1330,109,666,1328,983,1327,814],"class_list":["post-32744","post","type-post","status-publish","format-standard","has-post-thumbnail","hentry","category-events-2","tag-b2b-goes-social","tag-b2b-monitoring","tag-cebit","tag-data-viz","tag-digitalstrom","tag-prasentation","tag-report","tag-smart-home","tag-social-media-monitoring","tag-studie","tag-talk","tag-twitternde-kuhlschranke","tag-ukti","tag-vortrag"],"acf":[],"_links":{"self":[{"href":"https:\/\/www.brandwatch.com\/de\/wp-json\/wp\/v2\/posts\/32744","targetHints":{"allow":["GET"]}}],"collection":[{"href":"https:\/\/www.brandwatch.com\/de\/wp-json\/wp\/v2\/posts"}],"about":[{"href":"https:\/\/www.brandwatch.com\/de\/wp-json\/wp\/v2\/types\/post"}],"author":[{"embeddable":true,"href":"https:\/\/www.brandwatch.com\/de\/wp-json\/wp\/v2\/users\/161"}],"replies":[{"embeddable":true,"href":"https:\/\/www.brandwatch.com\/de\/wp-json\/wp\/v2\/comments?post=32744"}],"version-history":[{"count":0,"href":"https:\/\/www.brandwatch.com\/de\/wp-json\/wp\/v2\/posts\/32744\/revisions"}],"wp:featuredmedia":[{"embeddable":true,"href":"https:\/\/www.brandwatch.com\/de\/wp-json\/wp\/v2\/media\/32749"}],"wp:attachment":[{"href":"https:\/\/www.brandwatch.com\/de\/wp-json\/wp\/v2\/media?parent=32744"}],"wp:term":[{"taxonomy":"category","embeddable":true,"href":"https:\/\/www.brandwatch.com\/de\/wp-json\/wp\/v2\/categories?post=32744"},{"taxonomy":"post_tag","embeddable":true,"href":"https:\/\/www.brandwatch.com\/de\/wp-json\/wp\/v2\/tags?post=32744"}],"curies":[{"name":"wp","href":"https:\/\/api.w.org\/{rel}","templated":true}]}}