{"id":40686,"date":"2015-02-06T15:54:51","date_gmt":"2015-02-06T13:54:51","guid":{"rendered":"https:\/\/www.brandwatch.com\/de\/?p=40686"},"modified":"2015-03-04T16:11:47","modified_gmt":"2015-03-04T14:11:47","slug":"augenhoehe-buzz-interview-zum-filmprojekt","status":"publish","type":"post","link":"https:\/\/www.brandwatch.com\/de\/blog\/augenhoehe-buzz-interview-zum-filmprojekt\/","title":{"rendered":"Augenh\u00f6he &#8211; Buzz &#038; Interview zum Filmprojekt"},"content":{"rendered":"<p>Der Arbeiter arbeitet, der Chef scheffelt &#8211; diese klassische Rollenverteilung am Arbeitsplatz wird heute immer mehr aufgeweicht. Das gemeinsame Arbeiten in flacher Hierarchie erm\u00f6glicht es, sich mit mehr Kreativit\u00e4t und Eigeninitiative in den Beruf einzubringen und zu entfalten. <!--more--><\/p>\n<p>Eben mit diesem Thema hat sich das Team des Films <a href=\"http:\/\/augenhoehe.jimdo.com\/\" target=\"_blank\" rel=\"noopener\">&#8222;Augenh\u00f6he&#8220; <\/a>besch\u00e4ftigt. Die \u00fcber Crowdfunding finanzierte Produktion zeigt &#8222;Unternehmen, in denen die neue Arbeitswelt bereits gelebt wird und die Menschen, die diese gestalten.&#8220;<\/p>\n<p>Die Besonderheit besteht in der Verbreitung des Films: er ist <a href=\"https:\/\/vimeo.com\/118219210\" target=\"_blank\" rel=\"noopener\">online f\u00fcr nicht-kommerzielle Zwecke kostenlos verf\u00fcgbar<\/a> und das Team l\u00e4dt dazu ein, eigene <a href=\"http:\/\/augenhoehe.jimdo.com\/dabei-sein\/\" target=\"_blank\" rel=\"noopener\">Vorf\u00fchrungen mit anschlie\u00dfender Diskussionsrunde<\/a> zu organisieren. So sollen m\u00f6glichst viele Arbeitgeber und -nehmer zu neuen Ans\u00e4tzen bei der gemeinsamen Arbeit inspiriert werden.<\/p>\n<hr \/>\n<p>Am 30. Januar fand im <a href=\"http:\/\/www.museum-der-arbeit.de\/en\/index.htm#.VNS-_mTF8sA\" target=\"_blank\" rel=\"noopener\">Museum der Arbeit<\/a> in Hamburg die Premiere statt. Fast 400 interessierte Besucher sahen den Film und diskutierten noch bis lange nach Mitternacht \u00fcber das Arbeiten auf Augenh\u00f6he. Das Publikum war dabei bunt gemischt: Mitarbeiter aus den portr\u00e4tierten Unternehmen sowie anderen Organisationen, Wissenschaftler, Lehrer und viele andere.<\/p>\n<p><a href=\"https:\/\/www.brandwatch.com\/de\/wp-content\/uploads\/2015\/02\/premiere_augenhoehe.png\"><img loading=\"lazy\" decoding=\"async\" src=\"https:\/\/www.brandwatch.com\/de\/wp-content\/uploads\/2015\/02\/premiere_augenhoehe.png\" alt=\"premiere_augenhoehe\" width=\"570\" height=\"320\" class=\"aligncenter size-full wp-image-40705\" \/><\/a><\/p>\n<p>F\u00fcr die Verbreitung und auch die Produktion spielen die sozialen Medien nat\u00fcrlich eine gro\u00dfe Rolle. So hat das Augenh\u00f6he-Team kr\u00e4ftig getwittert. Wir haben uns den Social Buzz rund um den Film und die Premiere angesehen und ein Interview mit <a href=\"https:\/\/twitter.com\/Silke_Luinstra\" target=\"_blank\" rel=\"noopener\">Silke Luinstra<\/a> gef\u00fchrt, die selbst\u00e4ndige Organisationsberaterin ist und einer der Impulsgeber f\u00fcr &#8222;Augenh\u00f6he&#8220; war. <\/p>\n<hr \/>\n<h2>Buzz<\/h2>\n<p>Am Anfang eines jeden Monitorings steht nat\u00fcrlich die Query. F\u00fcr &#8222;Augenh\u00f6he&#8220; war das nicht allzu schwierig, da der Begriff in Verbindung mit dem Stichwort &#8222;Film&#8220; doch sehr eindeutig ist. Au\u00dferdem haben wir nat\u00fcrlich die entsprechenden Hashtags mit in die Suche aufgenommen.<\/p>\n<p><a href=\"https:\/\/www.brandwatch.com\/de\/wp-content\/uploads\/2015\/02\/query_augenhoehe.png\"><img loading=\"lazy\" decoding=\"async\" src=\"https:\/\/www.brandwatch.com\/de\/wp-content\/uploads\/2015\/02\/query_augenhoehe.png\" alt=\"query_augenhoehe\" width=\"384\" height=\"93\" class=\"aligncenter size-full wp-image-40691\" \/><\/a><\/p>\n<p>Vom 27. Januar bis zum 3. Februar haben wir knapp 3.000 Mentions erfasst &#8211; die meisten davon am Premierentag. Die Teilnehmer haben offensichtlich flei\u00dfig getwittert. Doch wenn man sich nur die Gesamtheit der Mentions betrachtet, geben die Zahlen noch nicht zwangsl\u00e4ufig Aufschluss \u00fcber die Reaktionen des Publikums bzw. der Communities auf Twitter und Co.. Schlie\u00dflich k\u00f6nnte der Gro\u00dfteil der gefundenen Mentions von den Accounts des Filmteams kommen, die einfach etwas \u00fcbereifrig geworben haben <\/p>\n<p>Um also owned und earned Mentions strikt zu trennen, haben wir Retweets entfernt, welche auch als einzelne Mentions gez\u00e4hlt werden, und nach dem Autoren &#8222;Augenh\u00f6he&#8220; gefiltert. Das Ergebnis zeigt, dass der Anstieg im Gespr\u00e4chsvolumen tats\u00e4chlich auf individuellen Erw\u00e4hnungen des Projekts basiert.<\/p>\n<p><a href=\"https:\/\/www.brandwatch.com\/de\/wp-content\/uploads\/2015\/02\/owned_vs_earned.png\"><img loading=\"lazy\" decoding=\"async\" src=\"https:\/\/www.brandwatch.com\/de\/wp-content\/uploads\/2015\/02\/owned_vs_earned.png\" alt=\"owned_vs_earned\" width=\"722\" height=\"401\" class=\"aligncenter size-full wp-image-40693\" \/><\/a><\/p>\n<p>In der Themenwolke zum Hashtag findet sich erwartungsgem\u00e4\u00df der Premierenort Hamburg and prominenter Stelle, aber auch Bonn, Berlin und Leipzig findet man als Veranstaltungsorte der Vorf\u00fchrung wieder. Offensichtlich ging es bei der Premiere auch recht feucht-fr\u00f6hlich zu &#8211; das Katerfr\u00fchst\u00fcck am n\u00e4chsten Tag wurde ebenfalls sehr h\u00e4ufig erw\u00e4hnt.<\/p>\n<p><a href=\"https:\/\/www.brandwatch.com\/de\/wp-content\/uploads\/2015\/02\/topics_augenhoehe2.png\"><img loading=\"lazy\" decoding=\"async\" src=\"https:\/\/www.brandwatch.com\/de\/wp-content\/uploads\/2015\/02\/topics_augenhoehe2.png\" alt=\"topics_augenhoehe2\" width=\"492\" height=\"267\" class=\"aligncenter size-full wp-image-40716\" \/><\/a><\/p>\n<hr \/>\n<h2>Interview mit Silke Luinstra<\/h2>\n<p><a href=\"https:\/\/www.brandwatch.com\/de\/wp-content\/uploads\/2015\/02\/RR6pRrDF_400x400.jpeg\"><img loading=\"lazy\" decoding=\"async\" src=\"https:\/\/www.brandwatch.com\/de\/wp-content\/uploads\/2015\/02\/RR6pRrDF_400x400.jpeg\" alt=\"Silke_Luinstra\" width=\"200\" height=\"200\" class=\"alignright size-small wp-image-40695\" srcset=\"https:\/\/www.brandwatch.com\/de\/wp-content\/uploads\/2015\/02\/RR6pRrDF_400x400.jpeg 400w, https:\/\/www.brandwatch.com\/de\/wp-content\/uploads\/2015\/02\/..\/..\/..\/themes\/brandwatch\/src\/core\/endpoints\/resize.php?image=uploads\/2015\/02\/RR6pRrDF_400x400.jpeg&amp;width=150 150w\" sizes=\"auto, (max-width: 200px) 100vw, 200px\" \/><\/a><\/p>\n<p><strong>Wie kam es eigentlich zur Idee f\u00fcr den Film?<\/strong><\/p>\n<p><em>Die Idee ist auf einer Open-Space-Veranstaltung von <a href=\"http:\/\/intrinsify.me\/\" target=\"_blank\" rel=\"noopener\">intrinsify!me<\/a> (der Bewegung f\u00fcr selbstbestimmtes und sinngetriebenes Arbeiten) entstanden. Dort entstand an einem Samstagnachmittag in einer Session \u00fcber Werte der Arbeitswelt des 21. Jahrhunderts die Idee, einen Film zu machen. <\/p>\n<p>Wir f\u00fcnf, die wir sp\u00e4ter das Kernteam gebildet haben, hatten uns schon eine Weile mit Ans\u00e4tzen der neuen Arbeitswelt -&#8222;New Work&#8220;- besch\u00e4ftigt und uns in neuere Organisationstheorien vertieft. Immer hat uns dabei die Frage begleitet, wie diese Ans\u00e4tze bekannter werden k\u00f6nnen. Ein Film schien uns daf\u00fcr ein geeignetes Medium.<br \/>\n<\/em><\/p>\n<p><strong>Wer sollte sich euren Film ansehen und was k\u00f6nnen die jeweiligen Personen erfahren?<\/strong> <\/p>\n<p><em>Angesprochen sind zum einen F\u00fchrungskr\u00e4fte und Firmeninhaber, denn sie sind oft in der Position, Ver\u00e4nderungen sehr wirksam ansto\u00dfen zu k\u00f6nnen. Aber nicht nur sie, sondern jeder, der an seinem Arbeitsplatz etwas ver\u00e4ndern m\u00f6chte ist herzlich eingeladen, sich AUGENH\u00d6HE anzusehen. Denn es sind die vielen kleinen Schritte, die zu einer gr\u00f6\u00dferen Bewegung f\u00fchren.<\/p>\n<p>Was mir pers\u00f6nlich am Herzen liegt: Ich m\u00f6chte, dass AUGENH\u00d6HE in Schulen und Hochschulen zu sehen ist. Junge Menschen wissen sehr wenig \u00fcber die neuen Ans\u00e4tze in der Arbeitswelt, sie lernen bisher so gut wie ausschlie\u00dflich das klassische Modell kennen. Wenn sich in unserer Gesellschaft etwas \u00e4ndern soll, m\u00fcssen aber vor allem auch junge Menschen die Alternativen kennen und mit diesem Wissen neue Arbeitswelten gestalten.<\/p>\n<p>Wir m\u00f6chten mit AUGENH\u00d6HE inspirieren und Mut machen, das eigene Umfeld aufmerksam wahrzunehmen und Ver\u00e4nderungen anzusto\u00dfen. Aus diesem Grund gehen wir auch einen neuen Weg: Film und Dialog. Dieses Format erm\u00f6glicht direkt nach dem Film den Austausch mit allen Zuschauern. Die Impulse, die der Film gibt, werden durch den anschlie\u00dfenden Dialog verst\u00e4rkt, die Vernetzung der Teilnehmer unterst\u00fctzt und damit die Wahrscheinlichkeit erh\u00f6ht, dass dem Film Taten folgen werden.<\/em><\/p>\n<p><strong>Wie wichtig ist Social Media bei der Realisierung eines solchen Projekts?<\/strong><\/p>\n<p><em>Social Media hat eine gro\u00dfe Rolle gespielt, in unserem Fall vor allem Twitter. Facebook auch, aber da ist bei uns deutlich weniger los. \u00dcber diese Kan\u00e4le konnten wir von Beginn des Projekts an Menschen einbeziehen, sie nach ihren Ideen, Gedanken und W\u00fcnschen fragen. <\/p>\n<p>Besonders bedeutsam war vor allem Twitter dann in der Phase des Crowdfundings. Nicht nur, weil auf diesem Wege viele Menschen von AUGENH\u00d6HE erfahren haben, sondern weil es \u00fcber Twitter unkompliziert m\u00f6glich war, Kontakt aufzunehmen. Es sind dadurch sogar Gespr\u00e4che mit DAX30-Unternehmen entstanden \u2013 das braucht sonst manchmal lange, bis aus so einem gro\u00dfen Haus eine Resonanz kommt.<\/em><\/p>\n<p><strong>Was waren eure Highlights bei der Produktion bzw. nach dem Filmstart? <\/strong><\/p>\n<p><em>In der Produktion eindeutig die vielen inspirierenden Gespr\u00e4che mit den Menschen, die neue Arbeitswelten gestalten \u2013 von Gesch\u00e4ftsf\u00fchrern bis zu Hausmeistern und Servicekr\u00e4ften. Wir haben in den Monaten der Dreharbeiten so viel lernen d\u00fcrfen \u2013 das war gro\u00dfartig! <\/p>\n<p>Nach dem Filmstart vor sechs Tagen hat uns \u00fcberrascht, wie oft AUGENH\u00d6HE schon angeklickt wurde \u2013 \u00fcber 4000 Mal \u2013 und wie viele Veranstaltungen es schon gibt. F\u00fcr nicht-kommerzielle Zwecke steht AUGENH\u00d6HE kostenlos zum Download zur Verf\u00fcgung \u2013 damit kann jeder, der m\u00f6chte, zu einer Veranstaltung einladen. Das so viele der Idee folgen w\u00fcrden, hatten wir nicht f\u00fcr m\u00f6glich gehalten. Allein im Februar gibt es 29 Veranstaltungen.<\/em><\/p>\n<hr \/>\n<p>Wenn Sie jetzt neugierig geworden sind und erfahren m\u00f6chten, bei welchen Unternehmen bereits auf Augenh\u00f6he gearbeitet wird, dann schauen Sie einfach auf der <a href=\"http:\/\/augenhoehe.jimdo.com\/\" target=\"_blank\" rel=\"noopener\">Website des Projekts<\/a> vorbei. Hier k\u00f6nnen Sie den Film kostenlos herunterladen, sich \u00fcber geplante Vorf\u00fchrungstermine informieren oder selbst eine Veranstaltung anmelden. <\/p>\n<p><a href=\"https:\/\/www.brandwatch.com\/de\/wp-content\/uploads\/2015\/02\/augenhoehe_team.png\"><img loading=\"lazy\" decoding=\"async\" src=\"https:\/\/www.brandwatch.com\/de\/wp-content\/uploads\/2015\/02\/augenhoehe_team.png\" alt=\"augenhoehe_team\" width=\"570\" height=\"232\" class=\"aligncenter size-full wp-image-40709\" \/><\/a><\/p>\n<hr \/>\n<p>&nbsp;<br \/>\n&nbsp;<\/p>\n","protected":false},"excerpt":{"rendered":"<p>Der Arbeiter arbeitet, der Chef scheffelt &#8211; diese klassische Rollenverteilung am Arbeitsplatz wird heute immer mehr aufgeweicht. Das gemeinsame Arbeiten in flacher Hierarchie erm\u00f6glicht es, sich mit mehr Kreativit\u00e4t und Eigeninitiative in den Beruf einzubringen und zu entfalten.<\/p>\n","protected":false},"author":161,"featured_media":40703,"comment_status":"open","ping_status":"closed","sticky":false,"template":"","format":"standard","meta":{"_acf_changed":false},"categories":[3454,567],"tags":[1974,1975,1301,1973,1976,1977,1232,146],"class_list":["post-40686","post","type-post","status-publish","format-standard","has-post-thumbnail","hentry","category-analysen","category-buzz","tag-angestellte","tag-arbeitsklima","tag-arbeitswelt","tag-augenhoehe","tag-crowdfunding","tag-film","tag-mitarbeiter","tag-social-media"],"acf":[],"_links":{"self":[{"href":"https:\/\/www.brandwatch.com\/de\/wp-json\/wp\/v2\/posts\/40686","targetHints":{"allow":["GET"]}}],"collection":[{"href":"https:\/\/www.brandwatch.com\/de\/wp-json\/wp\/v2\/posts"}],"about":[{"href":"https:\/\/www.brandwatch.com\/de\/wp-json\/wp\/v2\/types\/post"}],"author":[{"embeddable":true,"href":"https:\/\/www.brandwatch.com\/de\/wp-json\/wp\/v2\/users\/161"}],"replies":[{"embeddable":true,"href":"https:\/\/www.brandwatch.com\/de\/wp-json\/wp\/v2\/comments?post=40686"}],"version-history":[{"count":0,"href":"https:\/\/www.brandwatch.com\/de\/wp-json\/wp\/v2\/posts\/40686\/revisions"}],"wp:featuredmedia":[{"embeddable":true,"href":"https:\/\/www.brandwatch.com\/de\/wp-json\/wp\/v2\/media\/40703"}],"wp:attachment":[{"href":"https:\/\/www.brandwatch.com\/de\/wp-json\/wp\/v2\/media?parent=40686"}],"wp:term":[{"taxonomy":"category","embeddable":true,"href":"https:\/\/www.brandwatch.com\/de\/wp-json\/wp\/v2\/categories?post=40686"},{"taxonomy":"post_tag","embeddable":true,"href":"https:\/\/www.brandwatch.com\/de\/wp-json\/wp\/v2\/tags?post=40686"}],"curies":[{"name":"wp","href":"https:\/\/api.w.org\/{rel}","templated":true}]}}