{"id":45368,"date":"2015-08-10T18:41:09","date_gmt":"2015-08-10T16:41:09","guid":{"rendered":"https:\/\/www.brandwatch.com\/de\/?p=45368"},"modified":"2025-08-12T09:10:33","modified_gmt":"2025-08-12T07:10:33","slug":"bruecken-bauen-auf-der-dmexco-2015","status":"publish","type":"post","link":"https:\/\/www.brandwatch.com\/de\/blog\/bruecken-bauen-auf-der-dmexco-2015\/","title":{"rendered":"Br\u00fccken bauen auf der dmexco 2015"},"content":{"rendered":"<p>Wenn es auf den September zugeht, juckt es der Digitalbranche schon in den Fingern: die <a href=\"http:\/\/dmexco.de\/\" target=\"_blank\" rel=\"noopener\">dmexco<\/a> steht vor der T\u00fcr. Knapp 1.000 Austeller, \u00fcber 500 internationale Speaker auf 6 B\u00fchnen und mehr als 32.000 Fachbesucher aus 84 L\u00e4ndern sind nur einige der beeindruckenden Eckdaten der ber\u00fchmten Messe in K\u00f6ln.<!--more--><\/p>\n<hr \/>\n<p>Wir Brandwatcher sind nat\u00fcrlich auch dabei und angelehnt an das diesj\u00e4hrige Motto &#8222;<a href=\"http:\/\/dmexco.de\/2015\/de\/motto.html\" target=\"_blank\" rel=\"noopener\">Bridging Worlds<\/a>&#8220; haben wir uns die #BuildingBridges-Aktion \u00fcberlegt.<\/p>\n<p>Diese ist mehrstufig aufgebaut: Wir laden Sie an unseren Stand \u201enach Hause\u201c ein und pr\u00e4sentieren, wie wir Marketern helfen, den <a href=\"https:\/\/www.brandwatch.com\/de\/2014\/07\/den-social-media-roi-messen-ein-leitfaden\/\" target=\"_blank\" rel=\"noopener\">ROI (Return on Invest)<\/a> ihrer Aktivit\u00e4ten durch relevante Antworten aus dem Social Web zu belegen.<\/p>\n<p>Dabei spielt nat\u00fcrlich auch unser Social Media Command Center <a href=\"https:\/\/www.brandwatch.com\/de\/brandwatch-vizia\/\" target=\"_blank\" rel=\"noopener\">Vizia<\/a> eine wichtige Rolle, das die Br\u00fccke zwischen Monitoring-Daten und deren Visualisierung f\u00fcr das gesamte Unternehmen schl\u00e4gt. Es kann am Stand live ausprobiert werden, und alle, die noch tiefer eintauchen m\u00f6chten, k\u00f6nnen an unserer dmexco <a href=\"http:\/\/dmexco.de\/Conference2015\/de\/WorkLabs.html?Day=2\" target=\"_blank\" rel=\"noopener\">Work Lab Session<\/a> teilnehmen (Termin unten). Zudem gibt es Einblicke in die neuesten Features, die auf unser Versprechen \u201eGoing Beyond Keywords\u201c einzahlen.<\/p>\n<p>Zum anderen schlagen wir die Br\u00fccke zu unseren zahlreichen Partnern, die auch einen Messestand auf der dmexco haben. So wollen wir das ganze Spektrum der M\u00f6glichkeiten greifbar machen, die es im Bereich <a href=\"https:\/\/www.brandwatch.com\/de\/brandwatch-analytics\/\" target=\"_blank\" rel=\"noopener\">Enterprise Social Intelligence<\/a> gibt. Alle Interessenten sind eingeladen, \u00fcber die &#8222;Br\u00fccken&#8220; zu gehen und die leistungsstarke Palette an M\u00f6glichkeiten kennen zu lernen.<\/p>\n<p>Au\u00dferdem werden wir an der <a href=\"http:\/\/www.bvdw.org\/events\/dmexco\/bvdw-guided-tours\/programm.html\" target=\"_blank\" rel=\"noopener\">dmexco Guided Tour des BVDW<\/a> teilnehmen &#8211; und zwar am ersten Messetag (16.09.) von 12 bis 13Uhr.<\/p>\n<hr \/>\n<h3>Alle Daten auf einen Blick<\/h3>\n<hr \/>\n<p><strong>Standort:<\/strong><\/p>\n<p>Halle 8 \/ A032<\/p>\n<p><strong>Session: <\/strong><\/p>\n<p>Build your own Social Media Command Center &#8211; 2. Messetag, 17.09.2015, 13:00-14:15 Uhr, Work Lab 2<\/p>\n<p><strong>Ansprechpartner:<\/strong><\/p>\n<p><a href=\"https:\/\/twitter.com\/ullrichsusanne\" target=\"_blank\" rel=\"noopener\">Susanne Ullrich<\/a>, Head of Marketing DACH, und <a href=\"https:\/\/twitter.com\/willmcinnes\" target=\"_blank\" rel=\"noopener\">Will McInnes<\/a>, Chief Marketing Officer.<\/p>\n<p><strong>Hashtags:<\/strong><br \/>\n#BuildingBridges und #gobeyond<\/p>\n<hr \/>\n<p>Um Sie noch ein wenig in die passende dmexco-Stimmung zu bringen, gibts hier nochmal unsere Eindr\u00fccke vom letzten Jahr. Schauen Sie gerne bei uns am Stand vorbei und erfahren Sie, was Brandwatch f\u00fcr Ihr Unternehmen tun kann. Wir freuen uns auf Ihren Besuch!<\/p>\n<div align=\"center\"><strong><a href=\"https:\/\/www.brandwatch.com\/de\/brandwatch-auf-der-dmexco\/\" target=\"_blank\" rel=\"noopener\">&gt;&gt; Jetzt einen Termin vereinbaren<\/a><\/strong><\/div>\n<hr \/>\n<p><iframe loading=\"lazy\" src=\"https:\/\/www.youtube.com\/embed\/uPsvwvMwbrg\" width=\"100%\" height=\"315\" frameborder=\"0\" allowfullscreen=\"allowfullscreen\"><\/iframe><\/p>\n<p>&nbsp;<\/p>\n","protected":false},"excerpt":{"rendered":"<p>Wenn es auf den September zugeht, juckt es der Digitalbranche schon in den Fingern: die dmexco steht vor der T\u00fcr. Knapp 1.000 Austeller, \u00fcber 500 internationale Speaker auf 6 B\u00fchnen und mehr als 32.000 Fachbesucher aus 84 L\u00e4ndern sind nur einige der beeindruckenden Eckdaten der ber\u00fchmten Messe in K\u00f6ln.<\/p>\n","protected":false},"author":161,"featured_media":45381,"comment_status":"closed","ping_status":"closed","sticky":false,"template":"","format":"standard","meta":{"_acf_changed":false},"categories":[565],"tags":[63,2235,2234,71,2193,768,640,997,2236,1209],"class_list":["post-45368","post","type-post","status-publish","format-standard","has-post-thumbnail","hentry","category-events-2","tag-brandwatch","tag-buildingbridges","tag-digitalmesse","tag-dmexco","tag-gobeyond","tag-koln","tag-messe","tag-vizia","tag-worklab","tag-workshop"],"acf":[],"_links":{"self":[{"href":"https:\/\/www.brandwatch.com\/de\/wp-json\/wp\/v2\/posts\/45368","targetHints":{"allow":["GET"]}}],"collection":[{"href":"https:\/\/www.brandwatch.com\/de\/wp-json\/wp\/v2\/posts"}],"about":[{"href":"https:\/\/www.brandwatch.com\/de\/wp-json\/wp\/v2\/types\/post"}],"author":[{"embeddable":true,"href":"https:\/\/www.brandwatch.com\/de\/wp-json\/wp\/v2\/users\/161"}],"replies":[{"embeddable":true,"href":"https:\/\/www.brandwatch.com\/de\/wp-json\/wp\/v2\/comments?post=45368"}],"version-history":[{"count":0,"href":"https:\/\/www.brandwatch.com\/de\/wp-json\/wp\/v2\/posts\/45368\/revisions"}],"wp:featuredmedia":[{"embeddable":true,"href":"https:\/\/www.brandwatch.com\/de\/wp-json\/wp\/v2\/media\/45381"}],"wp:attachment":[{"href":"https:\/\/www.brandwatch.com\/de\/wp-json\/wp\/v2\/media?parent=45368"}],"wp:term":[{"taxonomy":"category","embeddable":true,"href":"https:\/\/www.brandwatch.com\/de\/wp-json\/wp\/v2\/categories?post=45368"},{"taxonomy":"post_tag","embeddable":true,"href":"https:\/\/www.brandwatch.com\/de\/wp-json\/wp\/v2\/tags?post=45368"}],"curies":[{"name":"wp","href":"https:\/\/api.w.org\/{rel}","templated":true}]}}