{"id":45403,"date":"2015-08-11T14:57:38","date_gmt":"2015-08-11T12:57:38","guid":{"rendered":"https:\/\/www.brandwatch.com\/de\/?p=45403"},"modified":"2025-08-12T15:48:42","modified_gmt":"2025-08-12T13:48:42","slug":"social-media-ranking-der-bundesliga-saisonvorbereitung","status":"publish","type":"post","link":"https:\/\/www.brandwatch.com\/de\/blog\/social-media-ranking-der-bundesliga-saisonvorbereitung\/","title":{"rendered":"Social Media-Ranking der Bundesliga Saisonvorbereitung"},"content":{"rendered":"<p>Das Warten hat ein Ende \u2013 Die Fu\u00dfball-<a href=\"http:\/\/www.bundesliga.de\/de\/\" target=\"_blank\" rel=\"noopener\">Bundesliga<\/a> startet am kommenden Wochenende in eine neue Saison. Laktattest, Konditionstraining und Medizinball haben dann endlich ein Ende. Die Spieler haben in den vielen Testspielen und Trainingslagern ihr Bestes gegeben.<\/p>\n<p>Doch wie aktiv waren die Vereine in Social Media w\u00e4hrend der Saisonvorbereitung? Haben die Community Manager vor den Bildschirmen genau soviel geschwitzt wie die Spieler auf dem Platz?<!--more--><\/p>\n<p>Um das herauszufinden haben wir uns mit der Plattform <a href=\"https:\/\/www.brandwatch.com\/de\/brandwatch-analytics\/\" target=\"_blank\" rel=\"noopener\">Brandwatch Analytics<\/a> die Aktivit\u00e4ten der <a href=\"https:\/\/twitter.com\/BrandwatchDE\" target=\"_blank\" rel=\"noopener\">Twitter<\/a>&#8211; und <a href=\"https:\/\/www.facebook.com\/BrandwatchDE\" target=\"_blank\" rel=\"noopener\">Facebook<\/a>-Accounts der 18 Bundesligavereine angeschaut. Untersuchungszeitraum dabei war vom 7. Juli bis zum 7. August.<\/p>\n<hr \/>\n<h2>Die Vereine auf Facebook<\/h2>\n<p>Schauen wir zuerst auf die Facebook-Aktivit\u00e4ten der Vereine in der Saisonvorbereitung. Von der Spitze gr\u00fc\u00dft der FC Bayern M\u00fcnchen mit 1.582 eigenen Posts in diesem Zeitraum; dicht gefolgt vom BVB mit 1.248 Beitr\u00e4gen.<\/p>\n<p>Viele Fu\u00dfballfans erwarten wohl auch in dieser Saison wieder ein Kopf an Kopf rennen zwischen den beiden Clubs.<\/p>\n<p>In den letzten Jahren fu\u00dfballerisch eher im Tabellenkeller zu finden, haben es der HSV und der VfB Stuttgart in diesem Ranking unter die Top 6 der Liga geschafft.<\/p>\n<p><em>Hinweis: F\u00fcr den 1.FC K\u00f6ln haben wir aus Versehen den englischen und nicht den deutschen Facebook-Channel analysiert. Mit durchschnittlich 300 Kommentaren am Tag, w\u00fcrde der FC eher auf dem 14. Platz landen. Ein Update der Tabelle folgt.<\/em><\/p>\n<p><a href=\"https:\/\/www.brandwatch.com\/de\/wp-content\/uploads\/2015\/08\/fussball_tabelle_facebook.png\"><img loading=\"lazy\" decoding=\"async\" class=\"aligncenter size-full wp-image-45426\" src=\"https:\/\/www.brandwatch.com\/de\/wp-content\/uploads\/2015\/08\/fussball_tabelle_facebook.png\" alt=\"fussball_tabelle_facebook\" width=\"2375\" height=\"1521\" \/><\/a><\/p>\n<p>Interessant ist auch ein Blick auf das Engagement der Community in den Spalten 2 und 3 der obigen Tabelle. Hier f\u00fchrt der FC Bayern nun schon deutlich. Sie sind aber auch der Verein der Bundesliga mit der wohl gr\u00f6\u00dften internationalen Fan-Basis.<\/p>\n<hr \/>\n<h2>Die Vereine auf Twitter<\/h2>\n<p>Schaut man sich die Tabelle der Aktivit\u00e4ten der Vereine auf Twitter an, ergibt sich ein leicht ver\u00e4ndertes Bild. Mit insgesamt 1.754 eigenen Tweets im Untersuchungszeitraum steht der BVB einsam an der Spitze.<\/p>\n<p>Mit geh\u00f6rigem Abstand dahinter, aber immer noch vor dem FC Bayern, befindet sich Dortmund\u2019s Erzrivale FC Schalke 04 mit 781 Tweets.<\/p>\n<p>\u00dcberraschenderweise ist Bayern nur an dritter Stelle zu finden. Sogar der HSV ist in diesem Ranking fast auf Augenh\u00f6he mit den M\u00fcchenern, f\u00fcr die Twitter scheinbar noch keine so gro\u00dfe Relevanz hat.<\/p>\n<p>Auch der VfL Wolfsburg kann seinen fu\u00dfballerisch hohen Anspr\u00fcchen f\u00fcr die kommende Saison auf Twitter nicht gerecht werden und befindet sich mit nur 276 Tweets auf einem Abstiegsrang.<\/p>\n<p>Die beiden Liga-Neulinge FC Ingolstadt und SV Darmstadt sind dahingegen im gesicherten Mittelfeld zu finden und w\u00fcrden sich \u00fcber eine solche Platzierung in der &#8222;echten&#8220; Tabelle nach dem 34. Spieltag sicherlich freuen.<\/p>\n<p><a href=\"https:\/\/www.brandwatch.com\/de\/wp-content\/uploads\/2015\/08\/fussball_tabelle_Twitter.png\"><img loading=\"lazy\" decoding=\"async\" class=\"aligncenter size-full wp-image-45425\" src=\"https:\/\/www.brandwatch.com\/de\/wp-content\/uploads\/2015\/08\/fussball_tabelle_Twitter.png\" alt=\"fussball_tabelle_Twitter\" width=\"2375\" height=\"1521\" \/><\/a><\/p>\n<p>Auch in dieser \u00dcbersicht haben wir uns zus\u00e4tzlich die Aktivit\u00e4ten der Fans auf Social Media n\u00e4her angeschaut.<\/p>\n<p>Dabei k\u00f6nnen die Fans der Bayern bei den Retweets etwas zu den BVB-Fans aufschlie\u00dfen und bei den @mentions diese sogar \u00fcberholen.<\/p>\n<p>Das Engagement der Wolfsburg-Fans ist ebenfalls bei weitem h\u00f6her einzuordnen, als die Aktivit\u00e4ten des Accounts der W\u00f6lfe an sich.<\/p>\n<p>Schlusslicht bei den Retweets der eigenen Community w\u00e4ren in diesem Falle die beiden Aufsteiger aus der 2. Liga.<\/p>\n<hr \/>\n<p>&nbsp;<\/p>\n<p>So interessant dieses Ranking auch ist: Am Ende bleibt die Fu\u00dfballweisheit: \u201eWas z\u00e4hlt, ist auf dem Platz!\u201c bestehen und die Bundesligakicker k\u00f6nnen ab dem Wochenende ihren Platz in der Tabelle selber bestimmen.<\/p>\n<p>Haben Sie Fragen zu dieser Untersuchung oder wollen auch bestimmte Facebook- und Twitter-Channels tracken dann melden Sie sich gerne <a href=\"https:\/\/www.brandwatch.com\/de\/contactmaps\/#Berlin\" target=\"_blank\" rel=\"noopener\">bei uns<\/a>.<\/p>\n<p style=\"text-align: center;\">[cta_button title=&#8220;Brandwatch gratis testen&#8220; text=&#8220;Brandwatch gratis testen&#8220; target=&#8220;https:\/\/www.brandwatch.com\/de\/demo\/&#8220;]<\/p>\n<p><strong>Titelbild:<\/strong>\u00a9 Csaba Peterdi &#8211; Fotolia.com<\/p>\n<p>&nbsp;<\/p>\n","protected":false},"excerpt":{"rendered":"<p>Das Warten hat ein Ende \u2013 Die Fu\u00dfball-Bundesliga startet am kommenden Wochenende in eine neue Saison. Laktattest, Konditionstraining und Medizinball haben dann endlich ein Ende. Die Spieler haben in den vielen Testspielen und Trainingslagern ihr Bestes gegeben. Doch wie aktiv waren die Vereine in Social Media w\u00e4hrend der Saisonvorbereitung? Haben die Community Manager vor den [&hellip;]<\/p>\n","protected":false},"author":93,"featured_media":45410,"comment_status":"closed","ping_status":"closed","sticky":false,"template":"","format":"standard","meta":{"_acf_changed":false},"categories":[3454,567,570],"tags":[1096,1331,310,2239,2238,1072,146,117],"class_list":["post-45403","post","type-post","status-publish","format-standard","has-post-thumbnail","hentry","category-analysen","category-buzz","category-trends-2","tag-bundesliga","tag-community","tag-facebook","tag-fans","tag-fubssall","tag-ranking","tag-social-media","tag-twitter"],"acf":[],"_links":{"self":[{"href":"https:\/\/www.brandwatch.com\/de\/wp-json\/wp\/v2\/posts\/45403","targetHints":{"allow":["GET"]}}],"collection":[{"href":"https:\/\/www.brandwatch.com\/de\/wp-json\/wp\/v2\/posts"}],"about":[{"href":"https:\/\/www.brandwatch.com\/de\/wp-json\/wp\/v2\/types\/post"}],"author":[{"embeddable":true,"href":"https:\/\/www.brandwatch.com\/de\/wp-json\/wp\/v2\/users\/93"}],"replies":[{"embeddable":true,"href":"https:\/\/www.brandwatch.com\/de\/wp-json\/wp\/v2\/comments?post=45403"}],"version-history":[{"count":0,"href":"https:\/\/www.brandwatch.com\/de\/wp-json\/wp\/v2\/posts\/45403\/revisions"}],"wp:featuredmedia":[{"embeddable":true,"href":"https:\/\/www.brandwatch.com\/de\/wp-json\/wp\/v2\/media\/45410"}],"wp:attachment":[{"href":"https:\/\/www.brandwatch.com\/de\/wp-json\/wp\/v2\/media?parent=45403"}],"wp:term":[{"taxonomy":"category","embeddable":true,"href":"https:\/\/www.brandwatch.com\/de\/wp-json\/wp\/v2\/categories?post=45403"},{"taxonomy":"post_tag","embeddable":true,"href":"https:\/\/www.brandwatch.com\/de\/wp-json\/wp\/v2\/tags?post=45403"}],"curies":[{"name":"wp","href":"https:\/\/api.w.org\/{rel}","templated":true}]}}