{"id":46197,"date":"2015-10-01T13:04:59","date_gmt":"2015-10-01T11:04:59","guid":{"rendered":"https:\/\/www.brandwatch.com\/de\/?p=46197"},"modified":"2015-10-01T13:04:59","modified_gmt":"2015-10-01T11:04:59","slug":"der-social-buzz-zum-barcamp-stuttgart-2015","status":"publish","type":"post","link":"https:\/\/www.brandwatch.com\/de\/blog\/der-social-buzz-zum-barcamp-stuttgart-2015\/","title":{"rendered":"Der Social Buzz zum Barcamp Stuttgart 2015"},"content":{"rendered":"<p>Das <a href=\"http:\/\/www.barcamp-stuttgart.de\/\" target=\"_blank\" rel=\"noopener\">Barcamp Stuttgart<\/a> erfreut sich einer langen Tradition. Seit 2008 findet das Barcamp j\u00e4hrlich statt, dieses Jahr bereits zum achten mal. Am 26. Und 27. September hie\u00df es wieder Sessions, Sessions und flei\u00dfig twittern. Wir haben das Monitoring des Events \u00fcbernommen und die Online-Gespr\u00e4che analysiert.<!--more--><\/p>\n<p><img loading=\"lazy\" decoding=\"async\" class=\"aligncenter wp-image-46198\" src=\"https:\/\/www.brandwatch.com\/de\/wp-content\/uploads\/2015\/10\/bcs8-history.png\" alt=\"bcs8 history\" width=\"570\" height=\"276\" \/><\/p>\n<p>Unter dem Hashtag <a href=\"https:\/\/twitter.com\/search?q=%23bcs8&amp;src=typd\" target=\"_blank\" rel=\"noopener\">#bcs8<\/a> tauschten sich die Barcampteilnehmer \u00fcber das Event aus. Ungef\u00e4hr eine Woche vor dem Event stiegen die Gespr\u00e4che langsam an, in denen viele ihrer Vorfreude kundtaten oder ihren Followern mitteilten, mit von der Partie zu sein. In die hei\u00dfe Phase ging es am Samstag, dem ersten Veranstaltungstag. An diesem Tag wurden die meisten Tweets abgegeben. Am zweiten Tag wurde auch noch flei\u00dfig getwittert, das Pensum vom Vortag konnte allerdings nicht mehr erreicht werden.<\/p>\n<p><img loading=\"lazy\" decoding=\"async\" class=\"aligncenter wp-image-46204\" src=\"https:\/\/www.brandwatch.com\/de\/wp-content\/uploads\/2015\/10\/bcs8-demographics.png\" alt=\"bcs8 demographics\" width=\"570\" height=\"429\" \/><\/p>\n<p>Ein Blick auf das Demographics Dashboard zeigt, dass das <a href=\"https:\/\/twitter.com\/BrandwatchDE\" target=\"_blank\" rel=\"noopener\">Twitter<\/a>-Rennen von den M\u00e4nnern gewonnen wurde. Ob das daran liegt, dass das Barcamp mehr m\u00e4nnliche Teilnehmer hatte oder diese flei\u00dfiger twitterten als deren weiblichen Kollegen, sei dahingestellt. Wenig verwunderlich war, dass sich f\u00fcr das #bcs8 vor allem Business- und Technologiebegeisterte interessierten. Ob Marketing, IT oder Student &#8211; Die Teilnehmer waren bunt gemischt.<\/p>\n<p><img loading=\"lazy\" decoding=\"async\" class=\"aligncenter wp-image-46208\" src=\"https:\/\/www.brandwatch.com\/de\/wp-content\/uploads\/2015\/10\/bcs8-Autoren.png\" alt=\"bcs8 Autoren\" width=\"500\" height=\"417\" \/><\/p>\n<p>Am flei\u00dfigsten in die Tasten haute <a href=\"https:\/\/twitter.com\/DerExperte\" target=\"_blank\" rel=\"noopener\">@DerExperte<\/a>. \u00dcber 150 Tweets verfasste er rund um das Barcamp und l\u00e4sst <a href=\"https:\/\/twitter.com\/riedelwerk\" target=\"_blank\" rel=\"noopener\">@riedelwerk<\/a> und <a href=\"https:\/\/twitter.com\/bicyclist\" target=\"_blank\" rel=\"noopener\">@bicyclist<\/a> auf den Pl\u00e4tzen zwei und drei weit hinter sich.<\/p>\n<p><img loading=\"lazy\" decoding=\"async\" class=\"aligncenter wp-image-46213 size-full\" src=\"https:\/\/www.brandwatch.com\/de\/wp-content\/uploads\/2015\/10\/bcs8-TopicCloud.png\" alt=\"bcs8 TopicCloud\" width=\"571\" height=\"359\" \/><\/p>\n<p>Ein Blick auf die TopicCloud zeigt, dass eigentlich alle am Barcamp Gefallen fanden. Viele Tweets enthielten die W\u00f6rter sch\u00f6n, Spa\u00df oder danke, in denen sich f\u00fcr das tolle Barcamp bedankt wurde. Unter dem Hashtag <a href=\"https:\/\/twitter.com\/search?q=%23bcs8%20%23marriedwithbricks&#038;src=typd\" target=\"_blank\" rel=\"noopener\">#marriedwithbricks<\/a> posteten die Teilnehmer der LEGO Photographie Session flei\u00dfig ihre Fotos. <\/p>\n<p>Aber es wurden auch ernste T\u00f6ne angeschlagen, so hielt der @bicyclist eine Session zum Thema Depression und gab pers\u00f6nliche Einblicke in die Krankheit. Diese beiden Beispiele verdeutlichen, wie vielf\u00e4ltig das Session-Angebot eines Barcamps sein kann.<\/p>\n<hr \/>\n<p>Das klingt spannend? Dann k\u00f6nnen Sie sich den Termin f\u00fcr das #bcs9 schon im Kalender rot eintragen:<\/p>\n<blockquote class=\"twitter-tweet\" lang=\"de\">\n<p lang=\"de\" dir=\"ltr\">So langsam kehre ich in meinen Normalzustand zur\u00fcck: Das <a href=\"https:\/\/twitter.com\/hashtag\/bcs8?src=hash\" target=\"_blank\" rel=\"noopener\">#bcs8<\/a> ist vor\u00fcber. Das <a href=\"https:\/\/twitter.com\/hashtag\/bcs9?src=hash\" target=\"_blank\" rel=\"noopener\">#bcs9<\/a> wird am 17.\/18.9.2016 stattfinden. ;-)<\/p>\n<p>&mdash; Jan Theofel (@jantheofel) <a href=\"https:\/\/twitter.com\/jantheofel\/status\/648425079584505856\" target=\"_blank\" rel=\"noopener\">28. September 2015<\/a><\/p><\/blockquote>\n<p><script async src=\"\/\/platform.twitter.com\/widgets.js\" charset=\"utf-8\"><\/script><\/p>\n<hr \/>\n","protected":false},"excerpt":{"rendered":"<p>Das Barcamp Stuttgart erfreut sich einer langen Tradition. Seit 2008 findet das Barcamp j\u00e4hrlich statt, dieses Jahr bereits zum achten mal. Am 26. Und 27. September hie\u00df es wieder Sessions, Sessions und flei\u00dfig twittern. Wir haben das Monitoring des Events \u00fcbernommen und die Online-Gespr\u00e4che analysiert.<\/p>\n","protected":false},"author":55,"featured_media":46218,"comment_status":"open","ping_status":"closed","sticky":false,"template":"","format":"standard","meta":{"_acf_changed":false},"categories":[567,565],"tags":[2310,1006,156,811,117],"class_list":["post-46197","post","type-post","status-publish","format-standard","has-post-thumbnail","hentry","category-buzz","category-events-2","tag-bcs8","tag-barcamp-stuttgart","tag-event","tag-social-buzz","tag-twitter"],"acf":[],"_links":{"self":[{"href":"https:\/\/www.brandwatch.com\/de\/wp-json\/wp\/v2\/posts\/46197","targetHints":{"allow":["GET"]}}],"collection":[{"href":"https:\/\/www.brandwatch.com\/de\/wp-json\/wp\/v2\/posts"}],"about":[{"href":"https:\/\/www.brandwatch.com\/de\/wp-json\/wp\/v2\/types\/post"}],"author":[{"embeddable":true,"href":"https:\/\/www.brandwatch.com\/de\/wp-json\/wp\/v2\/users\/55"}],"replies":[{"embeddable":true,"href":"https:\/\/www.brandwatch.com\/de\/wp-json\/wp\/v2\/comments?post=46197"}],"version-history":[{"count":0,"href":"https:\/\/www.brandwatch.com\/de\/wp-json\/wp\/v2\/posts\/46197\/revisions"}],"wp:featuredmedia":[{"embeddable":true,"href":"https:\/\/www.brandwatch.com\/de\/wp-json\/wp\/v2\/media\/46218"}],"wp:attachment":[{"href":"https:\/\/www.brandwatch.com\/de\/wp-json\/wp\/v2\/media?parent=46197"}],"wp:term":[{"taxonomy":"category","embeddable":true,"href":"https:\/\/www.brandwatch.com\/de\/wp-json\/wp\/v2\/categories?post=46197"},{"taxonomy":"post_tag","embeddable":true,"href":"https:\/\/www.brandwatch.com\/de\/wp-json\/wp\/v2\/tags?post=46197"}],"curies":[{"name":"wp","href":"https:\/\/api.w.org\/{rel}","templated":true}]}}