{"id":49240,"date":"2016-02-02T12:35:43","date_gmt":"2016-02-02T10:35:43","guid":{"rendered":"https:\/\/www.brandwatch.com\/de\/?p=49240"},"modified":"2016-07-12T16:20:00","modified_gmt":"2016-07-12T14:20:00","slug":"neuer-vorsitz-der-bvdw-fokusgruppe-social-media-gewaehlt","status":"publish","type":"post","link":"https:\/\/www.brandwatch.com\/de\/blog\/neuer-vorsitz-der-bvdw-fokusgruppe-social-media-gewaehlt\/","title":{"rendered":"Neuer Vorsitz der BVDW Fokusgruppe Social Media gew\u00e4hlt"},"content":{"rendered":"<p>Die Mitglieder des <a href=\"http:\/\/www.bvdw.org\/der-bvdw\/profil.html\" target=\"_blank\" rel=\"noopener\">BVDW<\/a> haben den neuen Vorstand f\u00fcr die Fokusgruppe Social Media gew\u00e4hlt. Unsere Susanne Ullrich, Marketing Director DACH\/FR Brandwatch, wurde erneut stellvertretende Vorsitzende dieser Fokusgruppe.<!--more--><\/p>\n<hr \/>\n<p>Der Bundesverband f\u00fcr Digitale Wirtschaft (BVDW) e. V. ist ein Interessenverband f\u00fcr Unternehmen im digitalen Bereich. Der Verband hat \u00fcber <a href=\"https:\/\/de.wikipedia.org\/wiki\/Bundesverband_Digitale_Wirtschaft\" target=\"_blank\" rel=\"noopener\">600 Mitglieder<\/a> und seinen Sitz in D\u00fcsseldorf. Die Mitglieder stammen unter anderem aus Internetagenturen, den Bereichen Mobile-Marketing oder Social Media. Wir von <a href=\"https:\/\/www.brandwatch.com\/de\/\" target=\"_blank\">Brandwatch<\/a> sind schon seit mehreren Jahren Mitglied, sch\u00e4tzen die Verbandsarbeit sehr und bringen uns auf unterschiedlichste Wege ein.<\/p>\n<p><a href=\"https:\/\/www.brandwatch.com\/de\/wp-content\/uploads\/2016\/02\/Vorsitz-BVDW-Social-Media.jpg\"><img loading=\"lazy\" decoding=\"async\" src=\"https:\/\/www.brandwatch.com\/de\/wp-content\/uploads\/2016\/02\/Vorsitz-BVDW-Social-Media.jpg\" alt=\"Vorsitz BVDW Social Media\" width=\"600\" height=\"450\" class=\"alignnone size-full wp-image-49242\" \/><\/a><\/p>\n<p>Der BVDW besteht aus verschiedenen Fokusgruppen, die sich mit verschiedenen Bereichen der digitalen Wirtschaft besch\u00e4ftigen wie z. B. Digital Commerce, Mobile oder Social Media. Am 28. Januar hat die Fokusgruppe Social Media ihren Vorsitz gew\u00e4hlt und wir k\u00f6nnen mit Stolz verk\u00fcnden, dass <a href=\"https:\/\/twitter.com\/ullrichsusanne\" target=\"_blank\" rel=\"noopener\">Susanne Ullrich<\/a> zur stellvertretenden Vorsitzenden wiedergew\u00e4hlt wurde.<\/p>\n<p>Neuer Vorsitzender ist Stefan Stojanow von Facebook. Weitere Stellvertreter sind Manuela Weber von valuescope, Michael Koch von Blackbit und Ulf-Jost Kossol von T-Systems Multimedia Solutions.<\/p>\n<p><a href=\"http:\/\/www.bvdw.org\/medien\/stefan-stojanow-neuer-vorsitzender-der-fokusgruppe-social-media?media=7385\" target=\"_blank\" rel=\"noopener\">>> Mehr Informationen finden Sie hier.<\/a><\/p>\n<hr \/>\n<p>Titelbild: \u00a9 Julien Eichinger \u2013 Fotolia.com \/ Foto Vorsitz: Margarete Wolf, BVDW<\/p>\n<p>[bw_banner_cta button=&#8220;Jetzt testen&#8220; type=2 url=&#8220;https:\/\/www.brandwatch.com\/de\/demo\/&#8220; title=&#8220;Mehr Insights erhalten&#8220; image=&#8220;https:\/\/www.brandwatch.com\/de\/wp-content\/uploads\/2015\/01\/Analytics-Dashboard.png&#8220;]Mit Brandwatch Analytics k\u00f6nnen<br \/>\nSie wertvolle Einblicke aus Sozialen Daten gewinnen. Finden Sie heraus, warum wir die Expertenwahl sind.[\/bw_banner_cta]<\/p>\n","protected":false},"excerpt":{"rendered":"<p>Die Mitglieder des BVDW haben den neuen Vorstand f\u00fcr die Fokusgruppe Social Media gew\u00e4hlt. Unsere Susanne Ullrich, Marketing Director DACH\/FR Brandwatch, wurde erneut stellvertretende Vorsitzende dieser Fokusgruppe.<\/p>\n","protected":false},"author":55,"featured_media":49241,"comment_status":"open","ping_status":"closed","sticky":false,"template":"","format":"standard","meta":{"_acf_changed":false},"categories":[566],"tags":[1210,860,1295,1294,2537],"class_list":["post-49240","post","type-post","status-publish","format-standard","has-post-thumbnail","hentry","category-updates","tag-bundesverband-digitale-wirtschaft","tag-bvdw","tag-fokusgruppe-social-media","tag-mitgliedschaft","tag-stellvertrender-vorsitz"],"acf":[],"_links":{"self":[{"href":"https:\/\/www.brandwatch.com\/de\/wp-json\/wp\/v2\/posts\/49240","targetHints":{"allow":["GET"]}}],"collection":[{"href":"https:\/\/www.brandwatch.com\/de\/wp-json\/wp\/v2\/posts"}],"about":[{"href":"https:\/\/www.brandwatch.com\/de\/wp-json\/wp\/v2\/types\/post"}],"author":[{"embeddable":true,"href":"https:\/\/www.brandwatch.com\/de\/wp-json\/wp\/v2\/users\/55"}],"replies":[{"embeddable":true,"href":"https:\/\/www.brandwatch.com\/de\/wp-json\/wp\/v2\/comments?post=49240"}],"version-history":[{"count":0,"href":"https:\/\/www.brandwatch.com\/de\/wp-json\/wp\/v2\/posts\/49240\/revisions"}],"wp:featuredmedia":[{"embeddable":true,"href":"https:\/\/www.brandwatch.com\/de\/wp-json\/wp\/v2\/media\/49241"}],"wp:attachment":[{"href":"https:\/\/www.brandwatch.com\/de\/wp-json\/wp\/v2\/media?parent=49240"}],"wp:term":[{"taxonomy":"category","embeddable":true,"href":"https:\/\/www.brandwatch.com\/de\/wp-json\/wp\/v2\/categories?post=49240"},{"taxonomy":"post_tag","embeddable":true,"href":"https:\/\/www.brandwatch.com\/de\/wp-json\/wp\/v2\/tags?post=49240"}],"curies":[{"name":"wp","href":"https:\/\/api.w.org\/{rel}","templated":true}]}}