{"id":51235,"date":"2016-08-16T09:32:13","date_gmt":"2016-08-16T07:32:13","guid":{"rendered":"https:\/\/www.brandwatch.com\/de\/?p=51235"},"modified":"2025-08-12T16:01:13","modified_gmt":"2025-08-12T14:01:13","slug":"brandwatch-auf-der-dmexco-2016-alle-infos","status":"publish","type":"post","link":"https:\/\/www.brandwatch.com\/de\/blog\/brandwatch-auf-der-dmexco-2016-alle-infos\/","title":{"rendered":"Brandwatch auf der dmexco 2016 &#8211; Alle Infos!"},"content":{"rendered":"<p>Die dmexco r\u00fcckt n\u00e4her, bereits in vier Wochen ist es wieder soweit und in diesem Blogpost liefern wir alle Informationen zu unserem dmexco-Auftritt.<!--more--><\/p>\n<p>Die dmexco in K\u00f6ln ist die gr\u00f6\u00dfte Messe rund um digitales Marketing und ist in den vergangenen Jahren stark gewachsen. Dieses Jahr werden <a href=\"http:\/\/dmexco.de\/about_dmexco\/\" target=\"_blank\" rel=\"noopener\">\u00fcber 50.000 Besucher<\/a> und mehr als 950 Aussteller erwartet. \u00dcber 570 internationale Speaker sorgen f\u00fcr mehr als 250 Stunden Programm. Seit 2009 kann die dmexco ein Wachstum von 320 Prozent verzeichnen. Wir von Brandwatch sind bereits zum f\u00fcnften Mal mit einem eigenen Stand auf der dmexco vertreten.<\/p>\n<p style=\"text-align: center;\">[cta_button title=&#8220;dmexco-Termin vereinbaren&#8220; text=&#8220;dmexco-Termin vereinbaren&#8220; target=&#8220;https:\/\/www.brandwatch.com\/de\/dmexco-2016\/&#8220;]<\/p>\n<p>Das diesj\u00e4hrige Motto der dmexco lautet: <a href=\"http:\/\/dmexco.de\/motto\/\" target=\"_blank\" rel=\"noopener\">&#8222;Digital is everything. Not everything is digital.&#8220;<\/a> Die Digitale Transformation ist gerade das gro\u00dfe Thema. Die Digitalisierung ist in vielen Bereichen l\u00e4ngst Alltag und bietet f\u00fcr Unternehmen enorme Potenziale. Neben den Chancen ist die <a href=\"https:\/\/www.brandwatch.com\/de\/2016\/08\/im-fokus-digital-leadership-interview-mit-christiane-brandes-visbeck\/\" target=\"_blank\" rel=\"noopener\">Digitale Transformation<\/a> auch eine gro\u00dfe Herausforderung. Kein Wunder, dass sich das diesj\u00e4hrige dmexco-Motto darum dreht.<\/p>\n<p><a href=\"https:\/\/www.brandwatch.com\/de\/wp-content\/uploads\/2015\/08\/Dmexco-Brandwatch-Stand.png\"><img loading=\"lazy\" decoding=\"async\" class=\"size-full wp-image-45554 aligncenter\" src=\"https:\/\/www.brandwatch.com\/de\/wp-content\/uploads\/2015\/08\/Dmexco-Brandwatch-Stand.png\" alt=\"Dmexco Brandwatch Stand\" width=\"488\" height=\"364\" \/><\/a><\/p>\n<p>Getreu dem Motto zeigen wir in diesem Jahr an unserem Stand, wie Social Data f\u00fcr alle Abteilungen greifbar und erlebbar gemacht werden kann. Neben exklusiven Produkt-Previews erhalten Sie Inspirationen, wie Sie Datensilos aufbrechen und eine ganzheitliche Erfolgsmessung erm\u00f6glichen k\u00f6nnen.<\/p>\n<p>Wir sind au\u00dferdem wieder Teilnehmer der <a href=\"http:\/\/www.bvdw.org\/\" target=\"_blank\" rel=\"noopener\">BVDW<\/a> Guided Tours. In der Tour Data Economy am 1. Messetag von 13:55 \u2013 14:10 Uhr wird Christiane Kaiser (Head of Accountmanagement DACH, Brandwatch) zu den Themen Datenerhebung, -aufbereitung und -analyse sprechen.<\/p>\n<p><a href=\"https:\/\/www.brandwatch.com\/de\/wp-content\/uploads\/2016\/08\/bvdw_guided-tours_2015_brandwatch-4.jpg\"><img loading=\"lazy\" decoding=\"async\" class=\"aligncenter wp-image-51236\" src=\"https:\/\/www.brandwatch.com\/de\/wp-content\/uploads\/2016\/08\/bvdw_guided-tours_2015_brandwatch-4.jpg\" alt=\"bvdw_guided tours_2015_brandwatch (4)\" width=\"750\" height=\"509\" \/><\/a><\/p>\n<p>Zum Thema Erfolgsmessung bieten wir am ersten Messetag eine spannende Session zum Thema <a href=\"http:\/\/dmexco.de\/Conference\/en\/WorkLabs.html?Day=1\" target=\"_blank\" rel=\"noopener\">&#8222;Return on Influencer Invest (ROII): Meinungsmacher identifizieren, bewerten und beobachten&#8220;<\/a> im Worklab 2 an. Welche Influencer passen zu meiner Marke? Wie finde und bewerte ich diese Influencer? Und wie kann ich mit diesen Informationen erfolgreiche Influencer-Kampagnen aufsetzen?<\/p>\n<p>Mit diesen Fragen setzen wir uns in dem Workshop auseinander und zeigen anhand eines Praxisbeispiels die Heterogenit\u00e4t von Influencer Audiences, die Herausforderungen f\u00fcr das Brand- und Community Management der eigenen Marke und wie Social Analytics Tools, wie Brandwatch <a href=\"https:\/\/www.brandwatch.com\/de\/brandwatch-analytics\/\" target=\"_blank\" rel=\"noopener\">Analytics<\/a> und <a href=\"https:\/\/www.brandwatch.com\/de\/audiences\/\" target=\"_blank\" rel=\"noopener\">Audiences<\/a>, bei der Influencer-Erfolgsmessung unterst\u00fctzen k\u00f6nnen.<\/p>\n<hr \/>\n<h2>Alle Informationen im \u00dcberblick<\/h2>\n<h3>Brandwatch Stand:<\/h3>\n<ul>\n<li><strong>Standnummer:<\/strong> A032 in Halle 8<\/li>\n<li><strong>Lageplan:<\/strong> finden Sie auf der<a href=\"https:\/\/service.dmexco.de\/km_vis-cgi\/km_vis\/vis\/custom\/ext2\/show_exhibitor_data.cgi?ticket=k6584623537086&amp;selected_by=Name%3A%20brandwatch%0A&amp;exh_id=44\" target=\"_blank\" rel=\"noopener\"> dmexco-Homepage<\/a>.<\/li>\n<\/ul>\n<p><a href=\"https:\/\/www.brandwatch.com\/de\/wp-content\/uploads\/2016\/07\/Bildschirmfoto-2016-07-19-um-12.06.36.png\"><img loading=\"lazy\" decoding=\"async\" class=\"alignnone size-full wp-image-51042\" src=\"https:\/\/www.brandwatch.com\/de\/wp-content\/uploads\/2016\/07\/Bildschirmfoto-2016-07-19-um-12.06.36.png\" alt=\"Bildschirmfoto 2016-07-19 um 12.06.36\" width=\"468\" height=\"313\" \/><\/a><\/p>\n<h3>BVDW Guided Tour:<\/h3>\n<ul>\n<li><strong>Wann?<\/strong> Mittwoch, 1. Messetag, von 13:55 bis 14:10 Uhr<\/li>\n<li><strong>Wo? <\/strong>am Brandwatch Stand (Halle 8\/A032)<\/li>\n<li><strong>Wer? <\/strong>Christiane Kaiser (Head of Accountmanagement DACH, Brandwatch)<\/li>\n<li><strong>Was?<\/strong> In der Tourgruppe &#8222;Data Economy&#8220;. Mehr Informationen zu den Guided Tours gibt es <a href=\"http:\/\/www.bvdw.org\/events\/dmexco\/bvdw-guided-tours\/programm.html#c15873\" target=\"_blank\" rel=\"noopener\">hier<\/a>.<\/li>\n<\/ul>\n<h3>Workshop Return on Influencer Invest:<\/h3>\n<ul>\n<li><strong>Wann?<\/strong> Mittwoch, 1. Messetag, von 14:30 bis 15:45 Uhr<\/li>\n<li><strong>Wo?<\/strong> Work Lab 2<\/li>\n<li><strong>Wer?<\/strong> Christian Engelland (Senior Business Development DACH, Brandwatch) und Patricia Schwan (Head of Commercial DACH, Brandwatch)<\/li>\n<li><strong>Was?<\/strong> Workshop zur Erfolgsmessung im Influencer Marketing. Mehr Informationen gibt es <a href=\"http:\/\/dmexco.de\/Conference\/en\/WorkLabs.html?Day=1\" target=\"_blank\" rel=\"noopener\">hier<\/a>.<\/li>\n<\/ul>\n<hr \/>\n<h2>Treffen Sie uns auf der dmexco!<\/h2>\n<p>Sie sind auf der dmexco und m\u00f6chten uns treffen? Dann schauen Sie gerne spontan an unserem Stand vorbei oder vereinbaren einen Termin mit uns! F\u00fcllen Sie dazu einfach das <a href=\"https:\/\/www.brandwatch.com\/de\/dmexco-2016\/\" target=\"_blank\" rel=\"noopener\">Formular<\/a> aus und geben einen Wunschtermin an.<\/p>\n<p style=\"text-align: center;\">[cta_button title=&#8220;Termin vereinbaren&#8220; text=&#8220;Termin vereinbaren&#8220; target=&#8220;https:\/\/www.brandwatch.com\/de\/dmexco-2016\/&#8220;]<\/p>\n<p>[bw_banner_cta button=&#8220;Demo anfordern&#8220; type=2 url=&#8220;https:\/\/www.brandwatch.com\/de\/demo\/&#8220; title=&#8220;Mehr Insights erhalten&#8220; image=&#8220;https:\/\/www.brandwatch.com\/de\/wp-content\/uploads\/2015\/01\/Analytics-Dashboard.png&#8220;]Mit Brandwatch Analytics k\u00f6nnen<br \/>\nSie wertvolle Einblicke aus Sozialen Daten gewinnen. Finden Sie heraus, warum wir die Expertenwahl sind.[\/bw_banner_cta]<\/p>\n","protected":false},"excerpt":{"rendered":"<p>Die dmexco r\u00fcckt n\u00e4her, bereits in vier Wochen ist es wieder soweit und in diesem Blogpost liefern wir alle Informationen zu unserem dmexco-Auftritt.<\/p>\n","protected":false},"author":55,"featured_media":50993,"comment_status":"closed","ping_status":"closed","sticky":false,"template":"","format":"standard","meta":{"_acf_changed":false},"categories":[565,566],"tags":[63,2234,71,2745,156,768,1082],"class_list":["post-51235","post","type-post","status-publish","format-standard","has-post-thumbnail","hentry","category-events-2","category-updates","tag-brandwatch","tag-digitalmesse","tag-dmexco","tag-dmexco-2016","tag-event","tag-koln","tag-social-intelligence"],"acf":[],"_links":{"self":[{"href":"https:\/\/www.brandwatch.com\/de\/wp-json\/wp\/v2\/posts\/51235","targetHints":{"allow":["GET"]}}],"collection":[{"href":"https:\/\/www.brandwatch.com\/de\/wp-json\/wp\/v2\/posts"}],"about":[{"href":"https:\/\/www.brandwatch.com\/de\/wp-json\/wp\/v2\/types\/post"}],"author":[{"embeddable":true,"href":"https:\/\/www.brandwatch.com\/de\/wp-json\/wp\/v2\/users\/55"}],"replies":[{"embeddable":true,"href":"https:\/\/www.brandwatch.com\/de\/wp-json\/wp\/v2\/comments?post=51235"}],"version-history":[{"count":0,"href":"https:\/\/www.brandwatch.com\/de\/wp-json\/wp\/v2\/posts\/51235\/revisions"}],"wp:featuredmedia":[{"embeddable":true,"href":"https:\/\/www.brandwatch.com\/de\/wp-json\/wp\/v2\/media\/50993"}],"wp:attachment":[{"href":"https:\/\/www.brandwatch.com\/de\/wp-json\/wp\/v2\/media?parent=51235"}],"wp:term":[{"taxonomy":"category","embeddable":true,"href":"https:\/\/www.brandwatch.com\/de\/wp-json\/wp\/v2\/categories?post=51235"},{"taxonomy":"post_tag","embeddable":true,"href":"https:\/\/www.brandwatch.com\/de\/wp-json\/wp\/v2\/tags?post=51235"}],"curies":[{"name":"wp","href":"https:\/\/api.w.org\/{rel}","templated":true}]}}