{"id":56508,"date":"2017-07-11T10:25:37","date_gmt":"2017-07-11T08:25:37","guid":{"rendered":"https:\/\/www.brandwatch.com\/de\/?p=56508"},"modified":"2024-09-07T03:51:27","modified_gmt":"2024-09-07T01:51:27","slug":"das-war-bwinspiration-2017-unser-rueckblick","status":"publish","type":"post","link":"https:\/\/www.brandwatch.com\/de\/blog\/das-war-bwinspiration-2017-unser-rueckblick\/","title":{"rendered":"Das war #BWInspiration 2017 &#8211; Unser R\u00fcckblick"},"content":{"rendered":"<p>Am 7. und 8 Juli fand unser j\u00e4hrliches <a href=\"https:\/\/twitter.com\/hashtag\/bwinspiration?f=tweets&amp;vertical=default&amp;src=hash\" target=\"_blank\" rel=\"noopener noreferrer\">#BWInspiration<\/a>-Event in Berlin statt. Wir hatten gemeinsam mit unseren Kunden zwei tolle Tage mit inspirierenden Speakern und gro\u00dfartigem Publikum. F\u00fcr den ersten Tag zog es uns dieses Jahr direkt an die Spree. In der sch\u00f6nen <a href=\"http:\/\/www.capitol-yard-golf-lounge.de\/\" target=\"_blank\" rel=\"noopener noreferrer\">Capital Yard Golf Lounge<\/a> hielten 16 Speaker spannende Vortr\u00e4ge rund um die Themen Digitalisierung und Social Listening.<\/p>\n<blockquote class=\"twitter-tweet\" data-lang=\"de\">\n<p dir=\"ltr\" lang=\"de\">Guten Morgen Ihr Lieben. Seid Ihr bereit, inspiriert zu werden? Heute ist <a href=\"https:\/\/twitter.com\/hashtag\/BWInspiration?src=hash\" target=\"_blank\" rel=\"noopener\">#BWInspiration<\/a> Tag ? <a href=\"https:\/\/t.co\/u4CVikDpvz\">pic.twitter.com\/u4CVikDpvz<\/a><\/p>\n<p>\u2014 Brandwatch DE (@BrandwatchDE) <a href=\"https:\/\/twitter.com\/BrandwatchDE\/status\/882833180767780864\" target=\"_blank\" rel=\"noopener\">6. Juli 2017<\/a><\/p><\/blockquote>\n<p><script async src=\"\/\/platform.twitter.com\/widgets.js\" charset=\"utf-8\"><\/script><\/p>\n<p>Wir veranstalten #BWInspiration, um Kunden und Interessenten von Brandwatch zusammenzubringen und zu inspirieren, damit sie voller neuer Ideen und wichtiger Impulse f\u00fcr ihre t\u00e4gliche Arbeit wieder nach Hause gehen. Am ersten Tag gab es Vortr\u00e4ge und Impulse an der Spree. Am zweiten Tag luden wir in kleinerer Runde in unser B\u00fcro ein und f\u00fcllten den Tag im Barcampstil mit Workshops, Sessions und Diskussionsrunden.<\/p>\n<p><a href=\"https:\/\/www.brandwatch.com\/de\/wp-content\/uploads\/2017\/07\/P7061121.jpg\"><img loading=\"lazy\" decoding=\"async\" class=\"aligncenter wp-image-56493\" src=\"https:\/\/www.brandwatch.com\/de\/wp-content\/uploads\/2017\/07\/P7061121.jpg\" alt=\"\" width=\"800\" height=\"524\" \/><\/a><\/p>\n<p>Der erste Tag war vollgepackt mit interessanten Vortr\u00e4gen und um dazwischen nicht den Faden zu verlieren, f\u00fchrte Moderator Martin Meyer-Gossner durch den Eventtag. Nach einer kurzen Vorstellungsrunde unsererseits startete Kai Fetzer von <a href=\"https:\/\/www.bosch.com\/de\/\" target=\"_blank\" rel=\"noopener noreferrer\">Bosch<\/a> den Tag. Sein Vortrag beleuchtete, wie das Internet der Dinge die Kommunikation in Zukunft ver\u00e4ndern k\u00f6nnte. So werde sich das Auto in Zukunft als Medium entwickeln und einzelne Screens irrelevant, alles wird zu einem Screen und allt\u00e4gliche Dinge als Medium genutzt. Doch bei all dem Fortschritt der Digitalisierung betont Kai, dass der GMV (der gesunde Menschenverstand) in der Kommunikation weiterhin wichtig ist.<\/p>\n<p>Die Kommunikation im digitalen Zeitalter war auch der Fokus beim n\u00e4chsten Redner, <a href=\"https:\/\/twitter.com\/pcwilkens\" target=\"_blank\" rel=\"noopener noreferrer\">Christian Wilkens<\/a> von <a href=\"http:\/\/www.mediacom.de\/de\/home.aspx\" target=\"_blank\" rel=\"noopener noreferrer\">MediaCom<\/a>. In seinem Vortrag zeigte Christian wie Digitale Assistenten und Voice Disruption-Technologien sich auf unsere Kommunikation auswirken. Bereits jetzt erfolgen 20 Prozent aller mobilen Suchanfragen per Spracheingabe.<\/p>\n<p><a href=\"https:\/\/www.brandwatch.com\/de\/wp-content\/uploads\/2017\/07\/P7061437.jpg\"><img loading=\"lazy\" decoding=\"async\" class=\"aligncenter wp-image-56504\" src=\"https:\/\/www.brandwatch.com\/de\/wp-content\/uploads\/2017\/07\/P7061437.jpg\" alt=\"\" width=\"800\" height=\"583\" \/><\/a><\/p>\n<p>Mit einem ganz anderen Aspekt der Kommunikation befasste sich <a href=\"https:\/\/twitter.com\/LenaRogl\" target=\"_blank\" rel=\"noopener noreferrer\">Magdalena Rogl<\/a> in ihrem Vortrag. Leider konnte sie nicht live auf dem Event sprechen, das war f\u00fcr sie aber kein Hindernis und wir schalteten sie per Video\u00fcbertragung in den Konferenzraum. Magdalena Rogl ist Head of Digital Channels bei <a href=\"https:\/\/www.microsoft.com\/de-de\/\" target=\"_blank\" rel=\"noopener noreferrer\">Microsoft<\/a> und stellte in ihrem Vortrag vor, wie Microsoft seine eigenen Mitarbeiter als Influencer einsetzt. Magdalena betont, dass jeder Mitarbeiter zu einem Markenbotschaft werden kann. Es sollte allerdings keinen Muss-Charakter besitzen und damit Mitarbeitern zu Markenbotschaftern werden, ben\u00f6tigen sie Unterst\u00fctzung und Schulung im Umgang mit Social Media.<\/p>\n<p>Als n\u00e4chstes folgten drei Pecha Kucha Vortr\u00e4ge. Pecha Kucha Vortr\u00e4ge sind knappe 6 Minuten lange Pr\u00e4sentationen, in der 20 Folien zu je 20 Sekunden vorgetragen werden. Das knackige daran ist, dass die Folien automatisch ohne Zutun des Speakers weitergeschaltet werden. Es hei\u00dft also sich auf das Wesentliche zu konzentrieren.<\/p>\n<p><a href=\"https:\/\/www.brandwatch.com\/de\/wp-content\/uploads\/2017\/07\/P7061353.jpg\"><img loading=\"lazy\" decoding=\"async\" class=\"aligncenter wp-image-56502\" src=\"https:\/\/www.brandwatch.com\/de\/wp-content\/uploads\/2017\/07\/P7061353.jpg\" alt=\"\" width=\"800\" height=\"600\" \/><\/a><\/p>\n<p>Im ersten Pecha Kucha Vortrag demonstrierte <a href=\"https:\/\/twitter.com\/melarens\" target=\"_blank\" rel=\"noopener noreferrer\">Melanie Arens<\/a> von <a href=\"https:\/\/www.tns-infratest.com\/\" target=\"_blank\" rel=\"noopener noreferrer\">Kantar TNS<\/a>, wie wichtig Social-Insights und die <a href=\"https:\/\/www.brandwatch.com\/de\/2016\/05\/das-social-media-erfolgsmessungsmodell-des-bvdw\/\" target=\"_blank\" rel=\"noopener noreferrer\">Social-Media-Erfolgsmessung<\/a> f\u00fcr den Produkt-Launch sind. Ein konkretes Beispiel kann im neuen <a href=\"http:\/\/www.bvdw.org\/presse\/news\/article\/bvdw-leitfaden-gibt-praxis-tipps-fuer-social-media-monitoring.html\" target=\"_blank\" rel=\"noopener noreferrer\">Monitoring-Praxis-Buch des BVDW<\/a> nachgelesen werden. Im n\u00e4chsten knappen Vortrag gab <a href=\"https:\/\/twitter.com\/vhdav\" target=\"_blank\" rel=\"noopener noreferrer\">Volker Davids<\/a> von <a href=\"http:\/\/www.somtypes.de\/\" target=\"_blank\" rel=\"noopener noreferrer\">Somtypes<\/a> Insights zum neu erschienen B2B Social Media Report. Der Report kann <a href=\"https:\/\/www.brandwatch.com\/de\/reports\/b2b-social-media-report-2016\/\" target=\"_blank\" rel=\"noopener noreferrer\">hier kostenlos nachgelesen werden<\/a>. Im letzten Pecha Kucha Vortrag appellierte Simon Garreis von <a href=\"https:\/\/www.c3.co\/\" target=\"_blank\" rel=\"noopener noreferrer\">C3 &#8211; Creative Code and Content<\/a>, wie wichtig der &#8222;Social&#8220;-Teil im Social Media ist.<\/p>\n<blockquote class=\"twitter-tweet\" data-lang=\"de\">\n<p dir=\"ltr\" lang=\"de\">Head of Golf &#8211; stolz bei der Arbeit bei <a href=\"https:\/\/twitter.com\/hashtag\/bwinspiration?src=hash\" target=\"_blank\" rel=\"noopener\">#bwinspiration<\/a> <a href=\"https:\/\/t.co\/14Me7Ncgmk\">pic.twitter.com\/14Me7Ncgmk<\/a><\/p>\n<p>\u2014 Natascha Sturm (@natascha_sturm) <a href=\"https:\/\/twitter.com\/natascha_sturm\/status\/882890507382403072\" target=\"_blank\" rel=\"noopener\">6. Juli 2017<\/a><\/p><\/blockquote>\n<p><script async src=\"\/\/platform.twitter.com\/widgets.js\" charset=\"utf-8\"><\/script><\/p>\n<p>Nach einem leckeren Mittagessen und der M\u00f6glichkeit zum Austausch und Networking zeigte <a href=\"https:\/\/twitter.com\/ullrichsusanne\" target=\"_blank\" rel=\"noopener noreferrer\">Susanne Ullrich <\/a>von Brandwatch, wie unsere Plattform etwas anders eingesetzt werden kann. Hipster H1 will umziehen, neue Klamotten und eine Freundin finden. Anstelle von g\u00e4ngigen M\u00f6glichkeiten, versucht er es mit Brandwatch &#8211; und ist erfolgreich, dank Monitoring gibt es ein Happy End.<\/p>\n<p><a href=\"https:\/\/www.brandwatch.com\/de\/wp-content\/uploads\/2017\/07\/P7061469.jpg\"><img loading=\"lazy\" decoding=\"async\" class=\"aligncenter wp-image-56505\" src=\"https:\/\/www.brandwatch.com\/de\/wp-content\/uploads\/2017\/07\/P7061469.jpg\" alt=\"\" width=\"800\" height=\"685\" \/><\/a><\/p>\n<p>Als n\u00e4chstes sprachen Elodie Song und Felix Bauer von <a href=\"https:\/\/www.td-berlin.com\/\" target=\"_blank\" rel=\"noopener noreferrer\">trommsdorff+dr\u00fcner<\/a> und stellten ihr entwickeltes Global Content Modell vor. Sie betonten, wie wichtig hochwertiger Content f\u00fcr eine gute Kundenzufriedenheit ist. Anschlie\u00dfend gab <a href=\"https:\/\/twitter.com\/riemreim\" target=\"_blank\" rel=\"noopener noreferrer\">Marieke Reimann<\/a> Einblicke, wie <a href=\"http:\/\/ze.tt\/\" target=\"_blank\" rel=\"noopener noreferrer\">z.ett<\/a> erfolgreich die junge Zielgruppe anspricht. Authentisch, ehrlich und auch gern mit einer klaren Meinung. Wir haben \u00fcbrigens Marieke vor ein paar Wochen interviewt. Das Interview k\u00f6nnen Sie <a href=\"https:\/\/www.brandwatch.com\/de\/2017\/06\/ansprache-junger-zielgruppen-uebertreiben-sie-nicht-mit-dem-yolo-lol-faktor\/\" target=\"_blank\" rel=\"noopener noreferrer\">hier nachlesen<\/a>.<\/p>\n<p>Wie setzen Medienunternehmen Social Listening ein? Robert Fahle und <a href=\"https:\/\/twitter.com\/janq\" target=\"_blank\" rel=\"noopener noreferrer\">Jan Quickels<\/a> stellten vor, wie sie Brandwatch bei die <a href=\"http:\/\/www.mediengruppe-rtl.de\/\" target=\"_blank\" rel=\"noopener noreferrer\">RTL Mediengruppe<\/a> nutzen. Sie lieferten Insights, f\u00fcr welche Anwendungsf\u00e4lle sie Brandwatch einsetzen und mit welchen KPIs sie den Erfolg ihrer Social-Media-Aktivit\u00e4ten messen. Danach stellte <a href=\"https:\/\/de.linkedin.com\/in\/caspar-atkinson-99b793\/de\" target=\"_blank\" rel=\"noopener noreferrer\">Caspar Atkinson<\/a> von Brandwatch unser Produkt Roadmap vor. Wie k\u00f6nnte die Zukunft von Social Listening aussehen? <a href=\"https:\/\/twitter.com\/p_agnew\" target=\"_blank\" rel=\"noopener noreferrer\">Paul Agnew<\/a> von Brandwatch befasste sich in seinem Vortrag mit dem Thema.<\/p>\n<p><a href=\"https:\/\/www.brandwatch.com\/de\/wp-content\/uploads\/2017\/07\/P7061506.jpg\"><img loading=\"lazy\" decoding=\"async\" class=\"aligncenter wp-image-56507\" src=\"https:\/\/www.brandwatch.com\/de\/wp-content\/uploads\/2017\/07\/P7061506.jpg\" alt=\"\" width=\"800\" height=\"737\" \/><\/a><\/p>\n<p>Zum Abschluss des Vortragtages hatte <a href=\"https:\/\/twitter.com\/press_me_now\" target=\"_blank\" rel=\"noopener noreferrer\">Christian Engelland<\/a> von Brandwatch noch ein Ass im \u00c4rmel. Es gab eine Millionen Mentions zu gewinnen. Drei Freiwillige stellten sich der Fragerunde rund um Brandwatch. Wir gratulieren dem Gewinner und w\u00fcnschen ganz viel Spa\u00df beim monitoren! Nach all den spannenden Vortr\u00e4gen und Einblicken lie\u00dfen wir den Abend mit einem leckeren BBQ und Cocktails an der Spree ausklingen.<\/p>\n<blockquote class=\"twitter-tweet\" data-lang=\"de\">\n<p dir=\"ltr\" lang=\"de\">Danke f\u00fcr den inspirierenden Tag gestern und die sch\u00f6nen Dinge im Goodie-Bag <a href=\"https:\/\/twitter.com\/hashtag\/bwinspiration?src=hash\" target=\"_blank\" rel=\"noopener\">#bwinspiration<\/a> <a href=\"https:\/\/t.co\/JhRw9HDcdZ\">pic.twitter.com\/JhRw9HDcdZ<\/a><\/p>\n<p>\u2014 Maren Heltsche (@zaziemo) <a href=\"https:\/\/twitter.com\/zaziemo\/status\/883225570854752256\" target=\"_blank\" rel=\"noopener\">7. Juli 2017<\/a><\/p><\/blockquote>\n<p><script async src=\"\/\/platform.twitter.com\/widgets.js\" charset=\"utf-8\"><\/script><\/p>\n<p>Am zweiten Tag ging es in kleinerer Runde in unserem B\u00fcro weiter. Nach einer kleinen Vorstellungsrunde erarbeiten wir zusammen im Barcampstyle die Sessions- und Workshopthemen. In kleiner Runde konnten die Teilnehmer ihre Brandwatch-Skills rund ums Query-Schreiben, Audiences, Image Insights und Vizia vertiefen. Doch nicht nur Brandwatch-Mitarbeiter hielten Sessions, sondern auch die Teilnehmer. So hielt zum Beispiel Stefan Pforte von Somtypes eine unterhaltsame Session zum Thema Query-Schreiben oder Teilnehmer konnten in einer Q&amp;A-Runde Caspar Atkinson und Phil Agnew vom Produkt-Team Fragen stellen.<\/p>\n<blockquote class=\"twitter-tweet\" data-lang=\"de\">\n<p dir=\"ltr\" lang=\"en\">Full House bei der Query Session von <a href=\"https:\/\/twitter.com\/vanforte\" target=\"_blank\" rel=\"noopener\">@vanforte<\/a> <a href=\"https:\/\/twitter.com\/somtypes\" target=\"_blank\" rel=\"noopener\">@somtypes<\/a> ??? <a href=\"https:\/\/twitter.com\/hashtag\/BWInspiration?src=hash\" target=\"_blank\" rel=\"noopener\">#BWInspiration<\/a> <a href=\"https:\/\/t.co\/oxmAtE4sdR\">pic.twitter.com\/oxmAtE4sdR<\/a><\/p>\n<p>\u2014 Brandwatch DE (@BrandwatchDE) <a href=\"https:\/\/twitter.com\/BrandwatchDE\/status\/883276507304660992\" target=\"_blank\" rel=\"noopener\">7. Juli 2017<\/a><\/p><\/blockquote>\n<p><script async src=\"\/\/platform.twitter.com\/widgets.js\" charset=\"utf-8\"><\/script><\/p>\n<h3>Wir bedanken uns alle ganz herzlich bei allen Teilnehmern f\u00fcr die tollen zwei Tage mit entspannter Atmosph\u00e4re, spannenden Impulsen und wertvollem Feedback. Bis zum n\u00e4chsten Jahr!<\/h3>\n<p>Impressionen zu unserem Event haben wir in einem <a href=\"https:\/\/www.brandwatch.com\/de\/p\/bwinspiration-2017\/\" target=\"_blank\" rel=\"noopener noreferrer\">Video festgehalten<\/a>.<\/p>\n<p>Weitere Eindr\u00fccke und Fotos von <a href=\"https:\/\/twitter.com\/search?f=tweets&amp;q=%23bwinspiration&amp;src=typd\" target=\"_blank\" rel=\"noopener noreferrer\">#BWInspiration<\/a> haben wir in einem Storify zusammengefasst:<\/p>\n<div class=\"storify\"><iframe loading=\"lazy\" src=\"\/\/storify.com\/BrandwatchDE\/das-war-bwinspiration-2017\/embed?border=false\" width=\"100%\" height=\"750\" frameborder=\"no\"><\/iframe><script src=\"\/\/storify.com\/BrandwatchDE\/das-war-bwinspiration-2017.js?border=false\"><\/script><noscript>[<a href=\"\/\/storify.com\/BrandwatchDE\/das-war-bwinspiration-2017\" target=\"_blank\" rel=\"noopener noreferrer\">View the story &#8222;Das war #BWInspiration 2017&#8220; on Storify<\/a>]<\/noscript><\/div>\n","protected":false},"excerpt":{"rendered":"<p>Am 7. und 8 Juli fand unser j\u00e4hrliches #BWInspiration-Event in Berlin statt. Wir hatten gemeinsam mit unseren Kunden zwei tolle Tage mit inspirierenden Speakern und gro\u00dfartigem Publikum. F\u00fcr den ersten Tag zog es uns dieses Jahr direkt an die Spree. In der sch\u00f6nen Capital Yard Golf Lounge hielten 16 Speaker spannende Vortr\u00e4ge rund um die [&hellip;]<\/p>\n","protected":false},"author":55,"featured_media":56519,"comment_status":"closed","ping_status":"closed","sticky":false,"template":"","format":"standard","meta":{"_acf_changed":false},"categories":[565,566],"tags":[2678,349,63,1647,2677,3145],"class_list":["post-56508","post","type-post","status-publish","format-standard","has-post-thumbnail","hentry","category-events-2","category-updates","tag-bwinspiration","tag-berlin-2","tag-brandwatch","tag-brandwatch-event","tag-brandwatch-inspiration","tag-brandwatch-kundenevent"],"acf":[],"_links":{"self":[{"href":"https:\/\/www.brandwatch.com\/de\/wp-json\/wp\/v2\/posts\/56508","targetHints":{"allow":["GET"]}}],"collection":[{"href":"https:\/\/www.brandwatch.com\/de\/wp-json\/wp\/v2\/posts"}],"about":[{"href":"https:\/\/www.brandwatch.com\/de\/wp-json\/wp\/v2\/types\/post"}],"author":[{"embeddable":true,"href":"https:\/\/www.brandwatch.com\/de\/wp-json\/wp\/v2\/users\/55"}],"replies":[{"embeddable":true,"href":"https:\/\/www.brandwatch.com\/de\/wp-json\/wp\/v2\/comments?post=56508"}],"version-history":[{"count":0,"href":"https:\/\/www.brandwatch.com\/de\/wp-json\/wp\/v2\/posts\/56508\/revisions"}],"wp:featuredmedia":[{"embeddable":true,"href":"https:\/\/www.brandwatch.com\/de\/wp-json\/wp\/v2\/media\/56519"}],"wp:attachment":[{"href":"https:\/\/www.brandwatch.com\/de\/wp-json\/wp\/v2\/media?parent=56508"}],"wp:term":[{"taxonomy":"category","embeddable":true,"href":"https:\/\/www.brandwatch.com\/de\/wp-json\/wp\/v2\/categories?post=56508"},{"taxonomy":"post_tag","embeddable":true,"href":"https:\/\/www.brandwatch.com\/de\/wp-json\/wp\/v2\/tags?post=56508"}],"curies":[{"name":"wp","href":"https:\/\/api.w.org\/{rel}","templated":true}]}}