{"id":59234,"date":"2017-10-30T15:13:54","date_gmt":"2017-10-30T13:13:54","guid":{"rendered":"https:\/\/www.brandwatch.com\/de\/?p=59234"},"modified":"2017-10-30T15:13:54","modified_gmt":"2017-10-30T13:13:54","slug":"der-social-buzz-rueckblick-zum-communitycamp-berlin-2017","status":"publish","type":"post","link":"https:\/\/www.brandwatch.com\/de\/blog\/der-social-buzz-rueckblick-zum-communitycamp-berlin-2017\/","title":{"rendered":"Der Social Buzz-R\u00fcckblick zum CommunityCamp Berlin 2017"},"content":{"rendered":"<p>Am 28. und 29. Oktober fand wieder das <a href=\"http:\/\/www.communitycamp.berlin\/\" target=\"_blank\" rel=\"noopener\">CommunityCamp<\/a> in Berlin statt und dieses Mal gab es etwas zu feiern: Das CommunityCamp wurde 10! Wir waren als offizieller Monitoring-Partner beim BarCamp mit dabei und liefern in diesem Blogpost einen Social Buzz-R\u00fcckblick.<\/p>\n<p><img loading=\"lazy\" decoding=\"async\" class=\"aligncenter wp-image-59242 size-large\" src=\"https:\/\/www.brandwatch.com\/de\/wp-content\/uploads\/2017\/10\/CommunityCamp-Berlin-Zeitverlauf-Gender-1024x306.png\" alt=\"CommunityCamp Berlin 2017 Tweets im Zeitverlauf\" width=\"940\" height=\"281\" \/><\/p>\n<p>\u00dcber das Barcamp wurde an den zwei Tagen flei\u00dfig getwittert. Mit 55 Prozent twitterten m\u00e4nnliche Autoren etwas h\u00e4ufiger \u00fcber das Event als Frauen mit 45 Prozent. Der meiste Buzz fand am Samstag, dem ersten Barcamptag statt mit einem Peak der Tweets am fr\u00fchen Nachmittag. Sehr beliebt war hier unter anderem die Session \u00fcber die Social Media-Aktivit\u00e4ten der Deutschen Bahn. Das Gespr\u00e4chsvolumen am Sonntag war im Vergleich zum ersten Tag verhalten. Das k\u00f6nnte daran liegen, dass viele nur einen Tag des BarCamps besuchten, aufgrund des Sturms fr\u00fcher abreisen mussten oder am Samstagabend etwas zu fr\u00f6hlich gefeiert wurde (Stichwort Hecht ;-) ).<\/p>\n<p><img loading=\"lazy\" decoding=\"async\" class=\"aligncenter wp-image-59236\" src=\"https:\/\/www.brandwatch.com\/de\/wp-content\/uploads\/2017\/10\/CommunityCamp-Berlin-Themen-Samstag.png\" alt=\"CommunityCamp Berlin 2017 Top-Themen Samstag\" width=\"600\" height=\"439\" \/><\/p>\n<p>Der Top-Begriff nach dem ersten Tag CommunityCamp ist &#8222;Danke&#8220;. In den Tweets bedankten sich die Teilnehmer f\u00fcr die tollen Sessions sowie das Engagement der Veranstalter und der Sponsoren. Ebenfalls viel getwittert wurde \u00fcber die Vorstellungsrunde, in der sich zu Beginn des BarCamps alle Teilnehmer einander vorstellen.<\/p>\n<p><img loading=\"lazy\" decoding=\"async\" class=\"aligncenter wp-image-59237\" src=\"https:\/\/www.brandwatch.com\/de\/wp-content\/uploads\/2017\/10\/CommunityCamp-Berlin-Themen-Sonntag-1024x622.png\" alt=\"CommunityCamp Berlin 2017 Top-Themen Sonntag\" width=\"600\" height=\"364\" \/><\/p>\n<p>Am zweiten Tag wurde am h\u00e4ufigsten \u00fcber &#8222;Sessions&#8220;, &#8222;Hecht&#8220; und &#8222;Sturm&#8220; gewittert. Zu den Sessions wurde h\u00e4ufig ein Tweet von <a href=\"https:\/\/twitter.com\/thsch\/status\/924710741613187072\" target=\"_blank\" rel=\"noopener\">Thomas Schwenke<\/a> retweetet, der auf dem CommunityCamp zwei Sessions zu den Themen Rechtsupdate und Datenschutzreform 2018 hielt und seine Folien zur Verf\u00fcgung stellte. Der Sturm Herwart sorgte f\u00fcr besorgte Tweets wegen der Abreise, es wurden Fahrgemeinschaft gebildet und Teilnehmer boten \u00dcbernachtungsm\u00f6glichkeiten an. Gro\u00dfes Thema war auch der Ausklang am Vortag &#8222;im Hecht&#8220; und so mancher startete den zweiten BarCamp-Tag etwas m\u00fcde und verkatert.<\/p>\n<p><img loading=\"lazy\" decoding=\"async\" class=\"aligncenter wp-image-59238\" src=\"https:\/\/www.brandwatch.com\/de\/wp-content\/uploads\/2017\/10\/CommunityCamp-Berlin-Top-Autoren-1024x713.png\" alt=\"CommunityCamp Berlin 2017 Top-Autoren\" width=\"700\" height=\"487\" \/><\/p>\n<p>Diese Umst\u00e4nde konnten die Teilnehmer aber trotzdem nicht davon abhalten, flei\u00dfig \u00fcber das Event und die Sessions zu twittern. Die Top-Autoren des diesj\u00e4hrigen BarCamps (eigene Social Media-Kan\u00e4le des CommunityCamps wurden in diesem Ranking nicht ber\u00fccksichtigt) sind <a href=\"https:\/\/twitter.com\/Baltasar89\" target=\"_blank\" rel=\"noopener\">Stefan Schubert<\/a>, <a href=\"https:\/\/twitter.com\/4sqSUde\" target=\"_blank\" rel=\"noopener\">Foursquare SUs DE<\/a> und <a href=\"https:\/\/twitter.com\/sozialpr\" target=\"_blank\" rel=\"noopener\">Christian M\u00fcller<\/a>.<\/p>\n<p><strong>Wir bedanken uns bei den Teilnehmern und Organisatoren (insbesondere Frank Feldmann) f\u00fcr das tolle CommunityCamp! Ein weiteres Dankesch\u00f6n geht an Christian Rasch, der uns mit Vizia vor Ort tatkr\u00e4ftig unterst\u00fctzt hat.<\/strong><\/p>\n<p><img loading=\"lazy\" decoding=\"async\" class=\"aligncenter wp-image-59254 size-large\" src=\"https:\/\/www.brandwatch.com\/de\/wp-content\/uploads\/2017\/10\/20171029_151252-1024x576.jpg\" alt=\"CommunityCamp Berlin 2017 Brandwatch Vizia\" width=\"940\" height=\"529\" \/><\/p>\n<p>[bw_banner_cta button=&#8220;Demo anfordern&#8220; type=2 url=&#8220;https:\/\/www.brandwatch.com\/de\/demo\/&#8220; title=&#8220;Mehr Insights erhalten&#8220; image=&#8220;https:\/\/www.brandwatch.com\/de\/wp-content\/uploads\/2015\/01\/Analytics-Dashboard.png&#8220;]Mit Brandwatch Analytics k\u00f6nnen<br \/>\nSie wertvolle Einblicke aus Social Data gewinnen. Finden Sie heraus, warum wir die Expertenwahl sind.[\/bw_banner_cta]<\/p>\n","protected":false},"excerpt":{"rendered":"<p>Am 28. und 29. Oktober fand wieder das CommunityCamp in Berlin statt und dieses Mal gab es etwas zu feiern: Das CommunityCamp wurde 10! Wir waren als offizieller Monitoring-Partner beim BarCamp mit dabei und liefern in diesem Blogpost einen Social Buzz-R\u00fcckblick. \u00dcber das Barcamp wurde an den zwei Tagen flei\u00dfig getwittert. Mit 55 Prozent twitterten [&hellip;]<\/p>\n","protected":false},"author":55,"featured_media":59252,"comment_status":"open","ping_status":"closed","sticky":false,"template":"","format":"standard","meta":{"_acf_changed":false},"categories":[3454,566],"tags":[3269,3270,398,635],"class_list":["post-59234","post","type-post","status-publish","format-standard","has-post-thumbnail","hentry","category-analysen","category-updates","tag-ccb17","tag-ccb2017","tag-barcamp","tag-communitycamp"],"acf":[],"_links":{"self":[{"href":"https:\/\/www.brandwatch.com\/de\/wp-json\/wp\/v2\/posts\/59234","targetHints":{"allow":["GET"]}}],"collection":[{"href":"https:\/\/www.brandwatch.com\/de\/wp-json\/wp\/v2\/posts"}],"about":[{"href":"https:\/\/www.brandwatch.com\/de\/wp-json\/wp\/v2\/types\/post"}],"author":[{"embeddable":true,"href":"https:\/\/www.brandwatch.com\/de\/wp-json\/wp\/v2\/users\/55"}],"replies":[{"embeddable":true,"href":"https:\/\/www.brandwatch.com\/de\/wp-json\/wp\/v2\/comments?post=59234"}],"version-history":[{"count":0,"href":"https:\/\/www.brandwatch.com\/de\/wp-json\/wp\/v2\/posts\/59234\/revisions"}],"wp:featuredmedia":[{"embeddable":true,"href":"https:\/\/www.brandwatch.com\/de\/wp-json\/wp\/v2\/media\/59252"}],"wp:attachment":[{"href":"https:\/\/www.brandwatch.com\/de\/wp-json\/wp\/v2\/media?parent=59234"}],"wp:term":[{"taxonomy":"category","embeddable":true,"href":"https:\/\/www.brandwatch.com\/de\/wp-json\/wp\/v2\/categories?post=59234"},{"taxonomy":"post_tag","embeddable":true,"href":"https:\/\/www.brandwatch.com\/de\/wp-json\/wp\/v2\/tags?post=59234"}],"curies":[{"name":"wp","href":"https:\/\/api.w.org\/{rel}","templated":true}]}}