{"id":59528,"date":"2017-11-16T17:08:53","date_gmt":"2017-11-16T15:08:53","guid":{"rendered":"https:\/\/www.brandwatch.com\/de\/?p=59528"},"modified":"2018-01-19T11:29:44","modified_gmt":"2018-01-19T09:29:44","slug":"rabattcodes-fuer-die-allfacebook-und-all-influencer-marketing-conference-2018","status":"publish","type":"post","link":"https:\/\/www.brandwatch.com\/de\/blog\/rabattcodes-fuer-die-allfacebook-und-all-influencer-marketing-conference-2018\/","title":{"rendered":"Rabattcodes f\u00fcr die AllFacebook und All Influencer Marketing Conference 2018"},"content":{"rendered":"<p>Am 20. und 21. M\u00e4rz 2018 finden wieder die <a href=\"http:\/\/conference.allfacebook.de\/?utm_source=Blogpartner&amp;utm_campaign=Brandwatch\" target=\"_blank\" rel=\"noopener\">AllFacebook Marketing Conference<\/a> und die <a href=\"https:\/\/allinfluencer.de\/?utm_source=Blogpartner&amp;utm_campaign=Brandwatch\" target=\"_blank\" rel=\"noopener\">All Influencer Marketing Conference<\/a> in M\u00fcnchen statt. Als offizieller Blog-Partner k\u00f6nnen unsere Leser Tickets zu den Konferenzen g\u00fcnstiger erhalten. Alle Details dazu weiter unten.<\/p>\n<p>Die AllFacebook Marketing Conference findet zwei Mal im Jahr in Berlin und M\u00fcnchen statt. Auf vier B\u00fchnen parallel mit mehr als 40 Speakern liefert die Konferenz Strategien, Konzepte und neue Ideen rund um das Thema Facebook Marketing. Auf der Konferenz in M\u00fcnchen sprechen unter anderem <a href=\"https:\/\/www.xing.com\/profile\/Nadine_Neubauer\" rel=\"noopener\" target=\"_blank\">Nadine Neubauer <\/a>von Instagram, <a href=\"https:\/\/twitter.com\/OnlineSein\" rel=\"noopener\" target=\"_blank\">Christoph Assmann<\/a> von Sixt und <a href=\"https:\/\/twitter.com\/thsch\" rel=\"noopener\" target=\"_blank\">Dr. Thomas Schwenke<\/a> von Visual Storytelling, \u00fcber Facebook Advertising bis zu K\u00fcnstlicher Intelligenz.<\/p>\n<p>Einen Tag sp\u00e4ter findet zum zweiten Mal die All Influencer Marketing Conference am gleichen Standort statt. In diesem Jahr sprechen unter anderem <a href=\"https:\/\/twitter.com\/LenaRogl\" rel=\"noopener\" target=\"_blank\">Magdalena Rogl<\/a> von Microsoft, <a href=\"https:\/\/twitter.com\/sachark\" rel=\"noopener\" target=\"_blank\">Sachar Klein<\/a> von hyprberlin und <a href=\"https:\/\/twitter.com\/buzzbayer\" rel=\"noopener\" target=\"_blank\">Michael Br\u00e4u<\/a> von coma AG zu Trends, Herausforderungen und Strategien rund um das Influencer Marketing.<\/p>\n<p><a href=\"http:\/\/conference.allfacebook.de\/?utm_source=Blogpartner&amp;utm_campaign=Brandwatch\" target=\"_blank\" rel=\"noopener\"><img loading=\"lazy\" decoding=\"async\" class=\"aligncenter wp-image-59569 size-large\" src=\"https:\/\/www.brandwatch.com\/de\/wp-content\/uploads\/2017\/11\/afbmcmun18_1200x628_b-1024x536.jpg\" alt=\"\" width=\"1024\" height=\"536\" \/><\/a><\/p>\n<h2>Tickets g\u00fcnstiger erhalten<\/h2>\n<p>Als offizieller Blog-Partner der AllFacebook Marketing Conference und All Influencer Marketing Conference k\u00f6nnen unsere Leser Tickets 15 Prozent g\u00fcnstiger erhalten.<\/p>\n<ul>\n<li>Rabatt-Code f\u00fcr die <a href=\"http:\/\/conference.allfacebook.de\/?utm_source=Blogpartner&amp;utm_campaign=Brandwatch\" target=\"_blank\" rel=\"noopener\">AllFacebook Marketing Conference:<\/a> <strong>BRANDWATCHAFBMC<\/strong><\/li>\n<li>Rabatt-Code f\u00fcr die<a href=\"https:\/\/allinfluencer.de\/?utm_source=Blogpartner&amp;utm_campaign=Brandwatch\" target=\"_blank\" rel=\"noopener\"> All Influencer Marketing Conference:<\/a> <strong>BRANDWATCHAIMC<\/strong><\/li>\n<\/ul>\n<p><a href=\"https:\/\/allinfluencer.de\/?utm_source=Blogpartner&amp;utm_campaign=Brandwatch\" target=\"_blank\" rel=\"noopener\"><img loading=\"lazy\" decoding=\"async\" class=\"aligncenter wp-image-59571 size-full\" src=\"https:\/\/www.brandwatch.com\/de\/wp-content\/uploads\/2017\/11\/aimc18_580x200_a.jpg\" alt=\"\" width=\"580\" height=\"200\" \/><\/a><\/p>\n<h2>Details zu den Konferenzen:<\/h2>\n<h3>AllFacebook Marketing Conference:<\/h3>\n<ul>\n<li><strong>Was?<\/strong> AllFacebook Marketing Conference<\/li>\n<li><strong>Wer?<\/strong> Alle Interessierten zu den Themen Facebook, Social Media, usw.<\/li>\n<li><strong>Wann?<\/strong> 20. M\u00e4rz 2018<\/li>\n<li><strong>Wo?<\/strong> ICM M\u00fcnchen, Messe M\u00fcnchen, Messegel\u00e4nde, 81823 M\u00fcnchen<\/li>\n<li><strong>Mehr Details:<\/strong> <a href=\"http:\/\/conference.allfacebook.de\/?utm_source=Blogpartner&amp;utm_campaign=Brandwatch\" target=\"_blank\" rel=\"noopener\">http:\/\/conference.allfacebook.de\/<\/a><\/li>\n<li><strong>Rabatt-Code:<\/strong> BRANDWATCHAFBMC<br \/>\n<a href=\"http:\/\/conference.allfacebook.de\/?utm_source=Blogpartner&amp;utm_campaign=Brandwatch\" target=\"_blank\" rel=\"noopener\">&gt;&gt; Hier geht es zu den Tickets<\/a><\/li>\n<\/ul>\n<h3>All Influencer Marketing Conference:<\/h3>\n<ul>\n<li><strong>Was?<\/strong> All Influencer Marketing Conference<\/li>\n<li><strong>Wer?<\/strong> Alle Interessierten zum Thema Influencer Marketing<\/li>\n<li><strong>Wann?<\/strong> 21. M\u00e4rz 2018<\/li>\n<li><strong>Wo?<\/strong> ICM M\u00fcnchen, Messe M\u00fcnchen, Messegel\u00e4nde, 81823 M\u00fcnchen<\/li>\n<li><strong>Mehr Details:<\/strong> <a href=\"https:\/\/allinfluencer.de\/?utm_source=Blogpartner&amp;utm_campaign=Brandwatch\" target=\"_blank\" rel=\"noopener\">http:\/\/allinfluencer.de\/<\/a><\/li>\n<li><strong>Rabatt-Code:<\/strong> BRANDWATCHAIMC<br \/>\n<a href=\"https:\/\/allinfluencer.de\/?utm_source=Blogpartner&amp;utm_campaign=Brandwatch\" target=\"_blank\" rel=\"noopener\">&gt;&gt; Hier geht es zu den Tickets<\/a><\/li>\n<\/ul>\n<p><iframe loading=\"lazy\" style=\"border: 0;\" src=\"https:\/\/www.google.com\/maps\/embed?pb=!1m18!1m12!1m3!1d2662.6385767582656!2d11.690415015026554!3d48.13649295921651!2m3!1f0!2f0!3f0!3m2!1i1024!2i768!4f13.1!3m3!1m2!1s0x479e0a8c8eb2de87%3A0x370e57880ab5ab11!2sICM+-+Internationales+Congress+Center+M%C3%BCnchen!5e0!3m2!1sde!2sde!4v1510842275514\" width=\"600\" height=\"450\" frameborder=\"0\" allowfullscreen=\"allowfullscreen\"><\/iframe><\/p>\n<p>[bw_banner_cta button=&#8220;Demo anfordern&#8220; type=2 url=&#8220;https:\/\/www.brandwatch.com\/de\/demo\/&#8220; title=&#8220;Mehr Insights erhalten&#8220; image=&#8220;https:\/\/www.brandwatch.com\/de\/wp-content\/uploads\/2015\/01\/Analytics-Dashboard.png&#8220;]Mit Brandwatch Analytics k\u00f6nnen<br \/>\nSie wertvolle Einblicke aus Social Data gewinnen. Finden Sie heraus, warum wir die Expertenwahl sind.[\/bw_banner_cta]<\/p>\n","protected":false},"excerpt":{"rendered":"<p>Am 20. und 21. M\u00e4rz 2018 finden wieder die AllFacebook Marketing Conference und die All Influencer Marketing Conference in M\u00fcnchen statt. Als offizieller Blog-Partner k\u00f6nnen unsere Leser Tickets zu den Konferenzen g\u00fcnstiger erhalten. Alle Details dazu weiter unten. Die AllFacebook Marketing Conference findet zwei Mal im Jahr in Berlin und M\u00fcnchen statt. Auf vier B\u00fchnen [&hellip;]<\/p>\n","protected":false},"author":55,"featured_media":59579,"comment_status":"open","ping_status":"closed","sticky":false,"template":"","format":"standard","meta":{"_acf_changed":false},"categories":[565,566],"tags":[3282,2975,3109,2974,3283,2976,3111],"class_list":["post-59528","post","type-post","status-publish","format-standard","has-post-thumbnail","hentry","category-events-2","category-updates","tag-all-influencer","tag-all-influencer-marketing-conference","tag-allfacebook","tag-allfacebook-marketing-conference","tag-marketing-conference","tag-rabatt","tag-rabatt-code"],"acf":[],"_links":{"self":[{"href":"https:\/\/www.brandwatch.com\/de\/wp-json\/wp\/v2\/posts\/59528","targetHints":{"allow":["GET"]}}],"collection":[{"href":"https:\/\/www.brandwatch.com\/de\/wp-json\/wp\/v2\/posts"}],"about":[{"href":"https:\/\/www.brandwatch.com\/de\/wp-json\/wp\/v2\/types\/post"}],"author":[{"embeddable":true,"href":"https:\/\/www.brandwatch.com\/de\/wp-json\/wp\/v2\/users\/55"}],"replies":[{"embeddable":true,"href":"https:\/\/www.brandwatch.com\/de\/wp-json\/wp\/v2\/comments?post=59528"}],"version-history":[{"count":0,"href":"https:\/\/www.brandwatch.com\/de\/wp-json\/wp\/v2\/posts\/59528\/revisions"}],"wp:featuredmedia":[{"embeddable":true,"href":"https:\/\/www.brandwatch.com\/de\/wp-json\/wp\/v2\/media\/59579"}],"wp:attachment":[{"href":"https:\/\/www.brandwatch.com\/de\/wp-json\/wp\/v2\/media?parent=59528"}],"wp:term":[{"taxonomy":"category","embeddable":true,"href":"https:\/\/www.brandwatch.com\/de\/wp-json\/wp\/v2\/categories?post=59528"},{"taxonomy":"post_tag","embeddable":true,"href":"https:\/\/www.brandwatch.com\/de\/wp-json\/wp\/v2\/tags?post=59528"}],"curies":[{"name":"wp","href":"https:\/\/api.w.org\/{rel}","templated":true}]}}