{"id":8926,"date":"2012-09-03T16:42:54","date_gmt":"2012-09-03T15:42:54","guid":{"rendered":"http:\/\/de.brandwatch.com\/?p=8926"},"modified":"2024-09-17T10:38:22","modified_gmt":"2024-09-17T08:38:22","slug":"ruckblick-3-social-media-kongress","status":"publish","type":"post","link":"https:\/\/www.brandwatch.com\/de\/blog\/ruckblick-3-social-media-kongress\/","title":{"rendered":"R\u00fcckblick 3. Social Media Kongress"},"content":{"rendered":"<p>Letzte Woche fand in D\u00fcsseldorf der <a href=\"http:\/\/www.marketing-boerse.de\/Termin\/details\/Social-Media-Kongress\" target=\"_blank\" rel=\"noopener\">3. Social Media Kongress<\/a> statt. Und Brandwatch war nicht nur mit <a title=\"Events\" href=\"http:\/\/de.brandwatch.com\/demo\/events\/\" target=\"_blank\" rel=\"noopener\">Kollegen vor Ort<\/a>, sondern auch mit <a title=\"Wir sehen uns vor Ort\" href=\"http:\/\/de.brandwatch.com\/2012\/08\/wir-sehen-uns-vor-ort\/\" target=\"_blank\" rel=\"noopener\">einem Stand vertreten<\/a>.<!--more--><\/p>\n<p><a href=\"https:\/\/www.brandwatch.com\/de\/wp-content\/uploads\/brandwatch\/1-f1436480.jpg\" rel=\"shadowbox\"><img loading=\"lazy\" decoding=\"async\" class=\"aligncenter size-full wp-image-8931\" title=\"Thomas Kn\u00fcwer @ 3. Social Media Kongress, D\u00fcsseldorf\" src=\"https:\/\/www.brandwatch.com\/de\/wp-content\/uploads\/brandwatch\/1-f1436480.jpg\" alt=\"\" width=\"1000\" height=\"667\" \/><\/a><\/p>\n<p>Das <a href=\"http:\/\/www.managementforum.com\/Veranstaltungen\/Social-Media\/Programm.php\" target=\"_blank\" rel=\"noopener\">Programm<\/a> bot in jedem Themenbereich spannende Impulse und in den Pausen auch immer wieder Raum f\u00fcr Gespr\u00e4che &#8211; an dieser Stelle auch von unserer Seite vielen Dank f\u00fcr die guten Gespr\u00e4che und das gro\u00dfe Interesse an Brandwatch ;-)<\/p>\n<p>Nat\u00fcrlich haben wir wieder mit unserem <a href=\"http:\/\/de.brandwatch.com\/social-media-monitoring\/\" rel=\"shadowbox noopener\" target=\"_blank\">Social Media Monitoring<\/a> Tool Brandwatch beobachtet, wo und wie \u00fcber den 3. Social Media Kongress gesprochen wurde. Insgesamt gab es rund 200 Erw\u00e4hnungen der Veranstaltungen, davon knapp 90 am ersten Tag.<\/p>\n<p><a href=\"https:\/\/www.brandwatch.com\/de\/wp-content\/uploads\/brandwatch\/smk-buzz.png\" rel=\"shadowbox\"><img loading=\"lazy\" decoding=\"async\" class=\"alignnone size-full wp-image-8933\" title=\"smk-buzz\" src=\"https:\/\/www.brandwatch.com\/de\/wp-content\/uploads\/brandwatch\/smk-buzz.png\" alt=\"\" width=\"698\" height=\"254\" \/><\/a><\/p>\n<p>Der L\u00f6wenanteil der gemessenen Erw\u00e4hnungen entfiel auf Twitter. Die Top Ten-Twitterer waren dabei alleine f\u00fcr gut 100 Tweets gut:<\/p>\n<p><a href=\"https:\/\/www.brandwatch.com\/de\/wp-content\/uploads\/brandwatch\/smk-toptentwitterer.png\" rel=\"shadowbox\"><img loading=\"lazy\" decoding=\"async\" class=\"alignnone size-full wp-image-8935\" title=\"smk-toptentwitterer\" src=\"https:\/\/www.brandwatch.com\/de\/wp-content\/uploads\/brandwatch\/smk-toptentwitterer.png\" alt=\"\" width=\"913\" height=\"492\" \/><\/a><\/p>\n<p>Im Video-Interview haben wir dann auch noch ein Fazit aus Veranstaltersicht eingefangen (Danke an Barbara Wiestler vom Management Forum):<br \/>\nhttps:\/\/www.youtube.com\/watch?v=J8acyW-xL_4<\/p>\n<p><strong>Unser Fazit:<\/strong><br \/>\nInsgesamt eine gut und sorgf\u00e4ltig kuratierte Konferenz, die sich nicht nur durch einen hohen Praxisbezug der Themen und Speaker auszeichnet, sondern auch einen sp\u00fcrbar hohen Anteil an Unternehmensvertretern zusammengef\u00fchrt hat &#8211; etwas, das leider nicht f\u00fcr jeden Event mit Social Media-Aspekt gilt. Wir freuen uns schon jetzt auf den 4. Social Media Kongress, denn die guten Gespr\u00e4che sollten auch in 2013 fortgef\u00fchrt werden k\u00f6nnen.<\/p>\n<p>Und nun noch das Ganze in Wertungspunkten (\u201cFachlich\u201d meint \u00fcbrigens \u201cSocial Media-Themen\u201d):<\/p>\n<p>Fachlich 5\/5<br \/>\nBusiness 5\/5<br \/>\nNetworking 3\/5<br \/>\nSpa\u00df: 4\/5<\/p>\n","protected":false},"excerpt":{"rendered":"<p>Letzte Woche fand in D\u00fcsseldorf der 3. Social Media Kongress statt. Und Brandwatch war nicht nur mit Kollegen vor Ort, sondern auch mit einem Stand vertreten.<\/p>\n","protected":false},"author":161,"featured_media":21663,"comment_status":"closed","ping_status":"closed","sticky":false,"template":"","format":"standard","meta":{"_acf_changed":false},"categories":[565],"tags":[646,415,645,644],"class_list":["post-8926","post","type-post","status-publish","format-standard","has-post-thumbnail","hentry","category-events-2","tag-dusseldorf","tag-konferenz","tag-kongress","tag-smk12"],"acf":[],"_links":{"self":[{"href":"https:\/\/www.brandwatch.com\/de\/wp-json\/wp\/v2\/posts\/8926","targetHints":{"allow":["GET"]}}],"collection":[{"href":"https:\/\/www.brandwatch.com\/de\/wp-json\/wp\/v2\/posts"}],"about":[{"href":"https:\/\/www.brandwatch.com\/de\/wp-json\/wp\/v2\/types\/post"}],"author":[{"embeddable":true,"href":"https:\/\/www.brandwatch.com\/de\/wp-json\/wp\/v2\/users\/161"}],"replies":[{"embeddable":true,"href":"https:\/\/www.brandwatch.com\/de\/wp-json\/wp\/v2\/comments?post=8926"}],"version-history":[{"count":0,"href":"https:\/\/www.brandwatch.com\/de\/wp-json\/wp\/v2\/posts\/8926\/revisions"}],"wp:featuredmedia":[{"embeddable":true,"href":"https:\/\/www.brandwatch.com\/de\/wp-json\/wp\/v2\/media\/21663"}],"wp:attachment":[{"href":"https:\/\/www.brandwatch.com\/de\/wp-json\/wp\/v2\/media?parent=8926"}],"wp:term":[{"taxonomy":"category","embeddable":true,"href":"https:\/\/www.brandwatch.com\/de\/wp-json\/wp\/v2\/categories?post=8926"},{"taxonomy":"post_tag","embeddable":true,"href":"https:\/\/www.brandwatch.com\/de\/wp-json\/wp\/v2\/tags?post=8926"}],"curies":[{"name":"wp","href":"https:\/\/api.w.org\/{rel}","templated":true}]}}