{"id":27465,"date":"2016-06-24T10:40:34","date_gmt":"2016-06-24T10:40:34","guid":{"rendered":"https:\/\/www.brandwatch.com\/es\/?p=27465"},"modified":"2016-09-09T16:27:33","modified_gmt":"2016-09-09T16:27:33","slug":"nueva-politica-entorno-digital","status":"publish","type":"post","link":"https:\/\/www.brandwatch.com\/es\/blog\/nueva-politica-entorno-digital\/","title":{"rendered":"La nueva pol\u00edtica se centra en el entorno digital"},"content":{"rendered":"<p>Desde las elecciones europeas en 2014, en Espa\u00f1a <strong>la pol\u00edtica ha centrado gran parte de la conversaci\u00f3n y la creatividad en el entorno digital<\/strong>. Por ejemplo, el debate entre candidatos que se realiz\u00f3 en diciembre <a href=\"https:\/\/blog.twitter.com\/es\/2015\/7deldebatedecisivo-r-cord-de-conversaci-n-social-en-espa-a-este-a-o\" target=\"_blank\" rel=\"noopener\">acumul\u00f3 m\u00e1s de 2,5 millones de Tweets<\/a>. Por su parte, el \u00faltimo celebrado este mes de junio <a href=\"https:\/\/blog.twitter.com\/es\/2016\/m-s-de-18-millones-de-tweets-sobre-el-debate13j\" target=\"_blank\" rel=\"noopener\">concentr\u00f3 menos conversaci\u00f3n, obteniendo 1,8 millones de Tweets<\/a>.<!--more--><\/p>\n<p>Pero, \u00bf<strong>c\u00f3mo se enfrenta un partido a una campa\u00f1a<\/strong> tras dos\u00a0a\u00f1os muy intensos pol\u00edticamente y con una presumible ca\u00edda del inter\u00e9s? \u00bfQu\u00e9 <strong>objetivos<\/strong> se plantea un partido? \u00bfQu\u00e9 <strong>comunidades<\/strong> quiere activar? Y \u00bfCon qu\u00e9 <strong>claves<\/strong> cuenta para virilizar e implicar a su comunidad?<\/p>\n<p>He tenido la oportunidad de ense\u00f1ar una herramienta de inteligencia social, como Brandwatch, a \u201cLa Cueva\u201d; as\u00ed se denominan los encargados de gestionar la comunicaci\u00f3n digital de Izquierda Unida (<a href=\"https:\/\/twitter.com\/iunida?lang=es\" target=\"_blank\" rel=\"noopener\">@iunida<\/a>). Este equipo, muy reputado por su capacidad y creatividad en redes, ha recibido el reconocimiento de <a href=\"http:\/\/www.eldiario.es\/politica\/Alfonso-Garcia-Vicente_0_525997412.html\" target=\"_blank\" rel=\"noopener\">adversarios pol\u00edticos<\/a> y de<a href=\"http:\/\/www.elmundo.es\/espana\/2016\/04\/25\/5714cf8922601d1b718b45e3.html\" target=\"_blank\" rel=\"noopener\"> los medios de comunicaci\u00f3n<\/a>.<\/p>\n<p>Una de las inquietudes que La Cueva se plante\u00f3 era <strong>conocer c\u00f3mo han ido variando las menciones<\/strong> que recibe <a href=\"https:\/\/twitter.com\/agarzon?lang=es\" target=\"_blank\" rel=\"noopener\">Alberto Garz\u00f3n<\/a>, candidato de Izquierda Unida.<\/p>\n<hr \/>\n<h3>\u00bfC\u00f3mo se hizo?<\/h3>\n<p>&nbsp;<\/p>\n<p><strong>Tomando periodos similares durante la campa\u00f1a de diciembre y junio se pueden detectar varias claves:<\/strong><\/p>\n<ul>\n<li>A pesar de que en los debates se redujo el volumen de la conversaci\u00f3n, el inter\u00e9s en este candidato ha aumentado: incrementan en un <strong>113<\/strong>% sus menciones<strong> en el volumen de la conversaci\u00f3n y<\/strong> en un<strong> 101% las personas que le citan, en comparaci\u00f3n con la campa\u00f1a anterior<\/strong>. Sin embargo, <strong> se reduce <\/strong>el <strong>n\u00famero de sites<\/strong> que le nombran. La evoluci\u00f3n indica que desde diciembre han conseguido mantener e incrementar su comunidad y el inter\u00e9s.<\/li>\n<\/ul>\n<h5 style=\"text-align: center;\"><\/h5>\n<p style=\"text-align: center;\"><span style=\"color: #333333;\"><strong>Evoluci\u00f3n de dominios<\/strong><\/span><\/p>\n<p><img loading=\"lazy\" decoding=\"async\" class=\"size-full wp-image-27468 aligncenter\" src=\"https:\/\/www.brandwatch.com\/es\/wp-content\/uploads\/2016\/06\/Brandwatch-Analytics-01.png\" alt=\"Brandwatch Analytics 01\" width=\"886\" height=\"591\" \/><\/p>\n<p>&nbsp;<\/p>\n<p style=\"text-align: center;\"><strong>Evoluci\u00f3n del volumen de personas<\/strong><\/p>\n<p>&nbsp;<\/p>\n<p><img loading=\"lazy\" decoding=\"async\" class=\"alignnone size-full wp-image-27469\" src=\"https:\/\/www.brandwatch.com\/es\/wp-content\/uploads\/2016\/06\/Brandwatch-Analytics-02.png\" alt=\"Brandwatch Analytics 02\" width=\"886\" height=\"591\" \/><\/p>\n<ul>\n<li>En <strong>diciembre, consiguieron diferenciarse del resto de cuentas pol\u00edticas con trending topics<\/strong> como <a href=\"https:\/\/twitter.com\/search?f=images&amp;vertical=default&amp;q=%23gatetescongarzon\" target=\"_blank\" rel=\"noopener\">#gatetescongarzon<\/a> o <a href=\"https:\/\/twitter.com\/search?f=images&amp;vertical=default&amp;q=%23abuelascongarzon&amp;src=typd\" target=\"_blank\" rel=\"noopener\">#abuelascongarzon<\/a>. Gracias este tipo de din\u00e1micas han acumulado un <strong>28 % del contenido que se ha compartido con un hashtag.\u00a0<\/strong>Adem\u00e1s este contenido sigue dinamiz\u00e1ndose por la propia comunidad.<\/li>\n<\/ul>\n<p>&nbsp;<\/p>\n<blockquote class=\"twitter-tweet\" data-lang=\"en-gb\">\n<p dir=\"ltr\" lang=\"cy\">Bae feliz? <a href=\"https:\/\/t.co\/266zuRTE4k\">pic.twitter.com\/266zuRTE4k<\/a><\/p>\n<p>\u2014 Garz\u00f3n as Gatetes (@GarzonAsGatetes) <a href=\"https:\/\/twitter.com\/GarzonAsGatetes\/status\/745612584687181824\" target=\"_blank\" rel=\"noopener\">22 June 2016<\/a><\/p><\/blockquote>\n<p><script src=\"\/\/platform.twitter.com\/widgets.js\" async=\"\" charset=\"utf-8\"><\/script><\/p>\n<p>&nbsp;<\/p>\n<p>Si en diciembre la conversaci\u00f3n de actos de campa\u00f1a ocupaba casi la mitad de la conversaci\u00f3n, en <strong>mayo el contenido se ha dividido en 3 temas<\/strong>: conversaci\u00f3n sobre las<strong> entrevistas en medios; <\/strong>conversaci\u00f3n sobre <strong>contenido tem\u00e1tico<\/strong> como <a href=\"https:\/\/twitter.com\/search?q=%23garzonontheroad%20&amp;src=typd\" target=\"_blank\" rel=\"noopener\">#garzonontheroad<\/a>, un v\u00eddeo diario que resume la jornada; o <strong>HT de los actos de campa\u00f1a<\/strong>, que ha reducido su peso respecto al periodo electoral anterior.<\/p>\n<p>Destacar que en las menciones y en los HT citan a<strong> las personas<\/strong> que acompa\u00f1an al candidato en las elecciones <strong>pero no hay presencia de sus rivales.<\/strong><\/p>\n<p>&nbsp;<\/p>\n<p style=\"text-align: center;\"><strong>Nube de hashtags y tags en Diciembre<\/strong><\/p>\n<p><img loading=\"lazy\" decoding=\"async\" class=\"alignnone size-full wp-image-27470\" src=\"https:\/\/www.brandwatch.com\/es\/wp-content\/uploads\/2016\/06\/Brandwatch-Analytics-03.png\" alt=\"Brandwatch Analytics 03\" width=\"886\" height=\"659\" \/><\/p>\n<p style=\"text-align: center;\"><strong>Nube de Hashtags y tags en Junio<\/strong><\/p>\n<p><img loading=\"lazy\" decoding=\"async\" class=\"alignnone size-full wp-image-27471\" src=\"https:\/\/www.brandwatch.com\/es\/wp-content\/uploads\/2016\/06\/Brandwatch-Analytics-04.png\" alt=\"Brandwatch Analytics 04\" width=\"886\" height=\"501\" \/><\/p>\n<p>&nbsp;<\/p>\n<ul>\n<li>Los <strong>picos<\/strong> de la <strong>conversaci\u00f3n est\u00e1n vinculados a las entrevistas y debates<\/strong> que se realizan en los medios, los debates multipantalla, en diciembre llega a acumular el 25 % de las conversaci\u00f3n asociadas a un hashtag y en junio aumenta su peso en la conversaci\u00f3n total <strong>en casi 10 puntos porcentuales.<\/strong><\/li>\n<\/ul>\n<ul>\n<li>El contenido que m\u00e1s comparte la comunidad del candidato <strong>es el mensaje pol\u00edtico acompa\u00f1ado de creatividad, un toque de iron\u00eda <\/strong>y adaptado a los diferentes perfiles.<\/li>\n<\/ul>\n<p>&nbsp;<\/p>\n<p style=\"text-align: center;\"><strong>Top 3 del contenido en diciembre:<\/strong><\/p>\n<ol>\n<li><a href=\"http:\/\/twitter.com\/iunida\/status\/674938732055814144\/video\/1\" target=\"_blank\" rel=\"noopener\">Momento del debate editado de manera ir\u00f3nica\u00a0<\/a><\/li>\n<li><a href=\"https:\/\/www.youtube.com\/watch?v=5iSikQZ0fZc&amp;feature=youtu.be\" target=\"_blank\" rel=\"noopener\">Video de mitin improvisado en plaza de los carros (Madrid)<\/a><\/li>\n<li><a href=\"http:\/\/www.publico.es\/politica\/alberto-garzon-ttip-bomba-relojeria.html\" target=\"_blank\" rel=\"noopener\">Entrevista de contenido politico<\/a><\/li>\n<\/ol>\n<p style=\"text-align: center;\"><strong><br \/>\nTop 3 del contenido en junio:<\/strong><\/p>\n<ol>\n<li style=\"text-align: left;\"><a href=\"http:\/\/twitter.com\/Pablo_Iglesias_\/status\/741682284940689408\/photo\/1\" target=\"_blank\" rel=\"noopener\">Meme ir\u00f3nico como respuesta a una equivocation de un adversario politico<\/a><\/li>\n<li style=\"text-align: left;\"><a href=\"http:\/\/twitter.com\/agarzon\/status\/729787383839870978\/photo\/1\" target=\"_blank\" rel=\"noopener\">Respuesta a un titular<\/a><\/li>\n<li style=\"text-align: left;\"><a href=\"ttps:\/\/twitter.com\/guarro_gordo\/status\/741304985766494208\" target=\"_blank\" rel=\"noopener\">Interacci\u00f3n con una broma de la comunidad<\/a><\/li>\n<\/ol>\n<ul>\n<li>La <strong>conversaci\u00f3n positiva y negativa ha aumentado en ambos casos un 1 %<\/strong>. En el caso de la interacci\u00f3n negativa, principalmente por <strong>el incremento de art\u00edculos negativos<\/strong> compartidos por medios que en diciembre apenas informaban sobre el candidato.<\/li>\n<\/ul>\n<p>&nbsp;<\/p>\n<ul>\n<li>La conversaci\u00f3n <strong>se ha masculinizado levemente<\/strong>, en diciembre un 40 % de las personas que comentaban eran mujeres frente a un 38 % en junio.<\/li>\n<\/ul>\n<p>&nbsp;<\/p>\n<ul>\n<li>La publicaci\u00f3n de fotos a trav\u00e9s de un hashtag fue la t\u00e9cnica que mejor funcion\u00f3 entre las usuarias. Sin embargo en mayo lo que ha funcionado muy bien entre este p\u00fablico es el contenido publicado bajo #GarzonOnTheRoad.<\/li>\n<\/ul>\n<p>\u00a1Cabe agradecer al equipo de La Cueva por compartir sus dudas y su tiempo!<\/p>\n","protected":false},"excerpt":{"rendered":"<p>Desde las elecciones europeas en 2014, en Espa\u00f1a la pol\u00edtica ha centrado gran parte de la conversaci\u00f3n y la creatividad en el entorno digital. Por ejemplo, el debate entre candidatos que se realiz\u00f3 en diciembre acumul\u00f3 m\u00e1s de 2,5 millones de Tweets. Por su parte, el \u00faltimo celebrado este mes de junio concentr\u00f3 menos conversaci\u00f3n, [&hellip;]<\/p>\n","protected":false},"author":164,"featured_media":27530,"comment_status":"open","ping_status":"closed","sticky":false,"template":"","format":"standard","meta":{"_acf_changed":false},"categories":[347,42],"tags":[932,931,930,589],"class_list":["post-27465","post","type-post","status-publish","format-standard","has-post-thumbnail","hentry","category-political-analysis","category-research","tag-26j","tag-elecciones-espana","tag-la-cueva","tag-politica"],"acf":[],"_links":{"self":[{"href":"https:\/\/www.brandwatch.com\/es\/wp-json\/wp\/v2\/posts\/27465","targetHints":{"allow":["GET"]}}],"collection":[{"href":"https:\/\/www.brandwatch.com\/es\/wp-json\/wp\/v2\/posts"}],"about":[{"href":"https:\/\/www.brandwatch.com\/es\/wp-json\/wp\/v2\/types\/post"}],"author":[{"embeddable":true,"href":"https:\/\/www.brandwatch.com\/es\/wp-json\/wp\/v2\/users\/164"}],"replies":[{"embeddable":true,"href":"https:\/\/www.brandwatch.com\/es\/wp-json\/wp\/v2\/comments?post=27465"}],"version-history":[{"count":0,"href":"https:\/\/www.brandwatch.com\/es\/wp-json\/wp\/v2\/posts\/27465\/revisions"}],"wp:featuredmedia":[{"embeddable":true,"href":"https:\/\/www.brandwatch.com\/es\/wp-json\/wp\/v2\/media\/27530"}],"wp:attachment":[{"href":"https:\/\/www.brandwatch.com\/es\/wp-json\/wp\/v2\/media?parent=27465"}],"wp:term":[{"taxonomy":"category","embeddable":true,"href":"https:\/\/www.brandwatch.com\/es\/wp-json\/wp\/v2\/categories?post=27465"},{"taxonomy":"post_tag","embeddable":true,"href":"https:\/\/www.brandwatch.com\/es\/wp-json\/wp\/v2\/tags?post=27465"}],"curies":[{"name":"wp","href":"https:\/\/api.w.org\/{rel}","templated":true}]}}