{"id":35786,"date":"2018-01-30T09:28:39","date_gmt":"2018-01-30T09:28:39","guid":{"rendered":"https:\/\/www.brandwatch.com\/es\/?p=35786"},"modified":"2024-09-16T15:38:23","modified_gmt":"2024-09-16T15:38:23","slug":"agatha-ruiz-de-la-prada-lo-mas-comentado-en-redes","status":"publish","type":"post","link":"https:\/\/www.brandwatch.com\/es\/blog\/agatha-ruiz-de-la-prada-lo-mas-comentado-en-redes\/","title":{"rendered":"El amor por bandera de \u00c1gatha Ruiz de la Prada, lo m\u00e1s comentado en redes sociales durante la fashion week de Madrid"},"content":{"rendered":"<p><span style=\"font-weight: 400;\">El escaparate m\u00e1s importante de la moda <\/span><i><span style=\"font-weight: 400;\">made in Spain<\/span><\/i><span style=\"font-weight: 400;\">, Mercedes-Benz Fashion Week Madrid, ha cerrado sus puertas despu\u00e9s de acoger en la capital de Espa\u00f1a a 48 dise\u00f1adores durante cuatro d\u00edas (cinco, si contamos Samsung EGO). <\/span><\/p>\n<p><span style=\"font-weight: 400;\">Hemos visto nuevas firmas, nombres consagrados, puestas en escena espectaculares (<\/span><a href=\"https:\/\/twitter.com\/harpersbazaarES\/status\/957215142676172800\" target=\"_blank\" rel=\"noopener\"><span style=\"font-weight: 400;\">Ailanto y su homenaje a Mariano Fortuny<\/span><\/a><span style=\"font-weight: 400;\">), modelos memorables (<\/span><a href=\"https:\/\/twitter.com\/estrelladigital\/status\/956903446623477760\" target=\"_blank\" rel=\"noopener\"><span style=\"font-weight: 400;\">Mario Vaquerizo para Sard\u00e1<\/span><\/a><span style=\"font-weight: 400;\">) y el <\/span><i><span style=\"font-weight: 400;\">postureo<\/span><\/i><span style=\"font-weight: 400;\"> \u00fanico que une en el Cibelespacio, bajo un mismo <\/span><i><span style=\"font-weight: 400;\">hashtag<\/span><\/i><span style=\"font-weight: 400;\">, a marcas, <\/span><i><span style=\"font-weight: 400;\">influencers, <\/span><\/i><span style=\"font-weight: 400;\">an\u00f3nimos con <\/span><i><span style=\"font-weight: 400;\">outfits<\/span><\/i><span style=\"font-weight: 400;\"> imposibles y cazatendencias de todo el mundo. <\/span><\/p>\n<p><span style=\"font-weight: 400;\">Sin embargo, dejamos las cr\u00edticas m\u00e1s documentadas a los expertos mientras nos centramos en analizar qu\u00e9 ha dicho la gente en redes sociales sobre esta 67 edici\u00f3n. \u00bfEmpezamos?<\/span><\/p>\n<p><span style=\"font-weight: 400;\">La pasarela en n\u00fameros<\/span><span style=\"font-weight: 400;\"> (del 24 al 29 de enero):<\/span><\/p>\n<ul>\n<li style=\"font-weight: 400;\"><span style=\"font-weight: 400;\">Se han registrado 19 000 menciones (m\u00e1s de 8000 autores \u00fanicos), aunque el 52% de ellas se concentraron durante los d\u00edas 26 y 27 de enero.<\/span><\/li>\n<li style=\"font-weight: 400;\"><span style=\"font-weight: 400;\">El pico de menciones, 4976, se alcanz\u00f3 el 27 de enero, aunque el minuto con m\u00e1s menciones se recogi\u00f3 el 26 de enero a las 22:00 horas. <\/span><\/li>\n<li style=\"font-weight: 400;\"><span style=\"font-weight: 400;\">La pasarela ha generado, si excluimos las menciones neutrales, un 89% de conversaci\u00f3n con sentimiento positivo y un 11% de sentimiento negativo.<\/span><\/li>\n<li style=\"font-weight: 400;\"><a href=\"https:\/\/twitter.com\/Miotroyo2parte\/status\/956989982471802881\" target=\"_blank\" rel=\"noopener\"><span style=\"font-weight: 400;\">Este fue el tuit con m\u00e1s retuits (1740)<\/span><\/a><span style=\"font-weight: 400;\">.<\/span><\/li>\n<li style=\"font-weight: 400;\"><span style=\"font-weight: 400;\">La etiqueta que m\u00e1s se utiliz\u00f3 fue la oficial, #mbfwmadrid, aunque en el top <\/span><i><span style=\"font-weight: 400;\">hashtags <\/span><\/i><span style=\"font-weight: 400;\">tambi\u00e9n se encuentran #moda, #mbfwm, #lorealdelapasarela o #fashion.<\/span><\/li>\n<li style=\"font-weight: 400;\"><span style=\"font-weight: 400;\">Algunos de los <\/span><i><span style=\"font-weight: 400;\">emojis<\/span><\/i><span style=\"font-weight: 400;\"> m\u00e1s empleados fueron ?, ?, \u2665\ufe0f o ??.<\/span><\/li>\n<li style=\"font-weight: 400;\"><span style=\"font-weight: 400;\">El 58% de las menciones proceden de mujeres; un 42% de autores masculinos. <\/span><\/li>\n<\/ul>\n<h2><span style=\"font-weight: 400;\">Amor patrio<\/span><\/h2>\n<p><span style=\"font-weight: 400;\">Los corazones de \u00c1gatha Ruiz de la Prada no pod\u00edan faltar ni en la que ha sido, para muchos, una de sus colecciones m\u00e1s disruptivas sobre la pasarela madrile\u00f1a. En esta ocasi\u00f3n, su universo crom\u00e1tico ha tenido dos colores protagonistas, los de la bandera de Espa\u00f1a, que ha arropado el desfile con el himno nacional como banda sonora. <\/span><\/p>\n<p><span style=\"font-weight: 400;\">La iron\u00eda, por supuesto, eligi\u00f3 Twitter como canal de expresi\u00f3n:<\/span><\/p>\n<p>https:\/\/twitter.com\/burrapaca\/statuses\/957017797665665026<\/p>\n<blockquote class=\"twitter-tweet\" data-width=\"500\" data-dnt=\"true\">\n<p lang=\"es\" dir=\"ltr\">Que asco de pa\u00eds! Anda que poner la bandera de la naci\u00f3n en un desfile de moda!!. Menos mal que en  Catalunya eso no pasa, aqu\u00ed ponemos banderas pol\u00edticas en todos los actos sin discriminar ning\u00fan campo \ud83d\ude0e <a href=\"https:\/\/t.co\/jC2imNtNNE\">pic.twitter.com\/jC2imNtNNE<\/a><\/p>\n<p>&mdash; M_K (@M_Kve) <a href=\"https:\/\/twitter.com\/M_Kve\/status\/957005860810706944?ref_src=twsrc%5Etfw\" target=\"_blank\" rel=\"noopener\">January 26, 2018<\/a><\/p><\/blockquote>\n<p><script async src=\"https:\/\/platform.twitter.com\/widgets.js\" charset=\"utf-8\"><\/script><\/p>\n<p><span style=\"font-weight: 400;\">Otros, menos perspicaces quiz\u00e1, aplaudieron la <\/span><i><span style=\"font-weight: 400;\">performance<\/span><\/i><span style=\"font-weight: 400;\"> entre orgullo y satisfacci\u00f3n:<\/span><\/p>\n<blockquote class=\"twitter-tweet\" data-width=\"500\" data-dnt=\"true\">\n<p lang=\"es\" dir=\"ltr\">As\u00ed han desfilado las modelos de la dise\u00f1adora \u00c1gatha Ruiz de la Prada (<a href=\"https:\/\/twitter.com\/agathardlp?ref_src=twsrc%5Etfw\" target=\"_blank\" rel=\"noopener\">@agathardlp<\/a>) en la Mercedes-Benz Fashion Week de Madrid. Nunca un desfile me hab\u00eda gustado tanto, bravo por ella. <a href=\"https:\/\/t.co\/Exl84bR9Fc\">pic.twitter.com\/Exl84bR9Fc<\/a><\/p>\n<p>&mdash; Mi otro yo \ud83c\uddea\ud83c\uddf8 (@Miotroyo2parte) <a href=\"https:\/\/twitter.com\/Miotroyo2parte\/status\/956989982471802881?ref_src=twsrc%5Etfw\" target=\"_blank\" rel=\"noopener\">January 26, 2018<\/a><\/p><\/blockquote>\n<p><script async src=\"https:\/\/platform.twitter.com\/widgets.js\" charset=\"utf-8\"><\/script><\/p>\n<blockquote class=\"twitter-tweet\" data-width=\"500\" data-dnt=\"true\">\n<p lang=\"es\" dir=\"ltr\">Homenaje a la bandera en el desfile de las modelos de  \u00c1gatha Ruiz de la Prada en la Mercedes-Benz Fashion Week de Madrid. Muy fan de <a href=\"https:\/\/twitter.com\/agathardlp?ref_src=twsrc%5Etfw\" target=\"_blank\" rel=\"noopener\">@agathardlp<\/a>. <a href=\"https:\/\/t.co\/v7eOYJCIpv\">pic.twitter.com\/v7eOYJCIpv<\/a><\/p>\n<p>&mdash; Natalia Pastor (@NataliaPastor) <a href=\"https:\/\/twitter.com\/NataliaPastor\/status\/956994856571850752?ref_src=twsrc%5Etfw\" target=\"_blank\" rel=\"noopener\">January 26, 2018<\/a><\/p><\/blockquote>\n<p><script async src=\"https:\/\/platform.twitter.com\/widgets.js\" charset=\"utf-8\"><\/script><\/p>\n<p><span style=\"font-weight: 400;\">Gracias a este desfile con mensaje, \u00c1gatha se ha convertido en la dise\u00f1adora con m\u00e1s volumen de menciones entre la siguiente selecci\u00f3n que establecimos gracias a la categorizaci\u00f3n que permite Brandwatch Analytics:<\/span><\/p>\n<p><img loading=\"lazy\" decoding=\"async\" class=\"alignnone size-full wp-image-35787\" src=\"https:\/\/www.brandwatch.com\/es\/wp-content\/uploads\/2018\/01\/Screen-Shot-2018-01-29-at-15.19.47.png\" alt=\"\" width=\"1084\" height=\"639\" \/><span style=\"font-weight: 400;\">Igualmente, destaca como el tema con m\u00e1s menciones (2382) en la nube de palabras:<\/span><\/p>\n<h2><img loading=\"lazy\" decoding=\"async\" class=\"alignnone size-full wp-image-35789\" src=\"https:\/\/www.brandwatch.com\/es\/wp-content\/uploads\/2018\/01\/Screen-Shot-2018-01-29-at-15.43.12-1.png\" alt=\"\" width=\"1265\" height=\"483\" \/><\/h2>\n<h2><span style=\"font-weight: 400;\">Mario Vaquerizo se atreve con lencer\u00eda femenina<\/span><\/h2>\n<p><span style=\"font-weight: 400;\">Vestir a la mujer por dentro como si fuera a pasear con esas prendas de lencer\u00eda por la calle. Andr\u00e9s Sard\u00e1 es uno de los mejores en este cometido y, como demostr\u00f3 en esta edici\u00f3n de la <\/span><i><span style=\"font-weight: 400;\">fashion week<\/span><\/i><span style=\"font-weight: 400;\"> madrile\u00f1a, no tiene miedo de subir a un hombre a la pasarela para demostrarlo. <\/span><\/p>\n<p><span style=\"font-weight: 400;\">Aunque no a un hombre cualquiera. Mario Vaquerizo retrotrajo al p\u00fablico a la d\u00e9cada de los 80 con un ce\u00f1ido <\/span><i><span style=\"font-weight: 400;\">outfit<\/span><\/i><span style=\"font-weight: 400;\"> que no ocultaba su pelo en pecho. Las redes, por supuesto, ten\u00edan mucho que decir:<\/span><\/p>\n<blockquote class=\"twitter-tweet\" data-width=\"500\" data-dnt=\"true\">\n<p lang=\"es\" dir=\"ltr\">Tal d\u00eda como hoy nac\u00eda <a href=\"https:\/\/twitter.com\/hashtag\/PaulNewman?src=hash&amp;ref_src=twsrc%5Etfw\" target=\"_blank\" rel=\"noopener\">#PaulNewman<\/a>.<br \/>Hoy, 93 a\u00f1os despu\u00e9s, Mario Vaquerizo ha desfilado as\u00ed en la <a href=\"https:\/\/twitter.com\/hashtag\/MBFWMadrid?src=hash&amp;ref_src=twsrc%5Etfw\" target=\"_blank\" rel=\"noopener\">#MBFWMadrid<\/a><br \/>Cualquier tiempo pasado, siempre, siempre fue mejor. <a href=\"https:\/\/t.co\/vgPAsOLFG1\">pic.twitter.com\/vgPAsOLFG1<\/a><\/p>\n<p>&mdash; LOLA (@NIEBLA75) <a href=\"https:\/\/twitter.com\/NIEBLA75\/status\/956987878541840384?ref_src=twsrc%5Etfw\" target=\"_blank\" rel=\"noopener\">January 26, 2018<\/a><\/p><\/blockquote>\n<p><script async src=\"https:\/\/platform.twitter.com\/widgets.js\" charset=\"utf-8\"><\/script><\/p>\n<blockquote class=\"twitter-tweet\" data-width=\"500\" data-dnt=\"true\">\n<p lang=\"es\" dir=\"ltr\">Mario Vaquerizo desfila como modelo de excepci\u00f3n para Andr\u00e9s Sard\u00e1 durante la Fashion Week Madrid 2018 <a href=\"https:\/\/t.co\/ko8EtqQUMK\">https:\/\/t.co\/ko8EtqQUMK<\/a> <br \/>Es un crack!!\ud83e\udd23<\/p>\n<p>&mdash; Chus &#8230;.\/\u2764\ud83c\uddea\ud83c\udde6\ud83c\udf39 (@Chusina5) <a href=\"https:\/\/twitter.com\/Chusina5\/status\/957160551636983809?ref_src=twsrc%5Etfw\" target=\"_blank\" rel=\"noopener\">January 27, 2018<\/a><\/p><\/blockquote>\n<p><script async src=\"https:\/\/platform.twitter.com\/widgets.js\" charset=\"utf-8\"><\/script><\/p>\n<p>&nbsp;<\/p>\n<h2><span style=\"font-weight: 400;\">Los entresijos del <\/span><i><span style=\"font-weight: 400;\">backstage <\/span><\/i><\/h2>\n<p><span style=\"font-weight: 400;\">El <\/span><i><span style=\"font-weight: 400;\">hashtag <\/span><\/i><span style=\"font-weight: 400;\">#lorealdelapasarela (cuarto lugar) y #lorealparisespa\u00f1a (d\u00e9cimo) se situaron\u00a0 entre los diez m\u00e1s utilizados.<\/span><\/p>\n<p><img loading=\"lazy\" decoding=\"async\" class=\"alignnone size-full wp-image-35790\" src=\"https:\/\/www.brandwatch.com\/es\/wp-content\/uploads\/2018\/01\/Screen-Shot-2018-01-29-at-16.27.59.png\" alt=\"\" width=\"820\" height=\"383\" \/><\/p>\n<p><span style=\"font-weight: 400;\">Gracias a la profundizaci\u00f3n que nos permite Brandwatch Analytics, pudimos comprobar la conversaci\u00f3n que se hab\u00eda generado en torno a ellos.<\/span><\/p>\n<p><span style=\"font-weight: 400;\">Los contenidos bajo estas etiquetas mostraban los mejores maquillajes, peinados y an\u00e9cdotas del <\/span><i><span style=\"font-weight: 400;\">backstage<\/span><\/i><span style=\"font-weight: 400;\"> patrocinados por @lorealparis_es, uno de los<\/span><i><span style=\"font-weight: 400;\"> sponsors\u00a0<\/span><\/i><span style=\"font-weight: 400;\">oficiales, suscitando decenas de retuits entre los amantes del sombra aqu\u00ed, sombra all\u00e1:<\/span><\/p>\n<blockquote class=\"twitter-tweet\" data-width=\"500\" data-dnt=\"true\">\n<p lang=\"es\" dir=\"ltr\">\u00bfQuieres saber c\u00f3mo se dise\u00f1an los looks de maquillaje y peluquer\u00eda en el backstage de la <a href=\"https:\/\/twitter.com\/MBFWMadrid?ref_src=twsrc%5Etfw\" target=\"_blank\" rel=\"noopener\">@MBFWMadrid<\/a>? Ent\u00e9rate de todo en <a href=\"https:\/\/twitter.com\/hashtag\/LoRealdelaPasarela?src=hash&amp;ref_src=twsrc%5Etfw\" target=\"_blank\" rel=\"noopener\">#LoRealdelaPasarela<\/a> <a href=\"https:\/\/t.co\/Q1LdwPNwCG\">pic.twitter.com\/Q1LdwPNwCG<\/a><\/p>\n<p>&mdash; L&#39;Or\u00e9al Paris Espa\u00f1a (@lorealparis_es) <a href=\"https:\/\/twitter.com\/lorealparis_es\/status\/956641101619834887?ref_src=twsrc%5Etfw\" target=\"_blank\" rel=\"noopener\">January 25, 2018<\/a><\/p><\/blockquote>\n<p><script async src=\"https:\/\/platform.twitter.com\/widgets.js\" charset=\"utf-8\"><\/script><\/p>\n<h2><i><span style=\"font-weight: 400;\">Emojis<\/span><\/i><span style=\"font-weight: 400;\"> de moda<\/span><\/h2>\n<p><span style=\"font-weight: 400;\">Como era de esperar, los usuarios de redes sociales se decantaron por <\/span><i><span style=\"font-weight: 400;\">emojis <\/span><\/i><span style=\"font-weight: 400;\">relacionados con estilo y moda, como ? y ?, adem\u00e1s de los que vemos a continuaci\u00f3n gracias a nuestra <\/span><a href=\"https:\/\/www.brandwatch.com\/es\/2018\/01\/6-curiosidades-sobre-emojis\/\"><span style=\"font-weight: 400;\">nueva funcionalidad de an\u00e1lisis de <\/span><i><span style=\"font-weight: 400;\">emojis<\/span><\/i><\/a><span style=\"font-weight: 400;\">:<\/span><\/p>\n<p>&nbsp;<\/p>\n<p><img loading=\"lazy\" decoding=\"async\" class=\"alignnone size-full wp-image-35798\" src=\"https:\/\/www.brandwatch.com\/es\/wp-content\/uploads\/2018\/01\/Screen-Shot-2018-01-29-at-16.16.05.png\" alt=\"\" width=\"677\" height=\"474\" \/><\/p>\n<p><span style=\"font-weight: 400;\">Gracias a Brandwatch Analytics, hemos descubierto los picos de menciones durante la pasarela, el \u201cminuto a minuto\u201d, el sentimiento que ha generado, los dise\u00f1adores de los que se ha hablado m\u00e1s o las opiniones de los usuarios sobre el evento. \u00bfQuieres verlo en acci\u00f3n con tu propia marca o campa\u00f1a?<\/span><\/p>\n<p>[bw_banner_cta url=&#8221;https:\/\/www.brandwatch.com\/es\/demo\/&#8221; button=&#8221;PIDE UNA DEMO&#8221; type=2 title=&#8221;Brandwatch Analytics&#8221;]Mide y optimiza tus campa\u00f1as en tiempo real con datos de las redes sociales.[\/bw_banner_cta]<\/p>\n","protected":false},"excerpt":{"rendered":"<p>El escaparate m\u00e1s importante de la moda made in Spain, Mercedes-Benz Fashion Week Madrid, ha cerrado sus puertas despu\u00e9s de acoger en la capital de Espa\u00f1a a 48 dise\u00f1adores durante cuatro d\u00edas (cinco, si contamos Samsung EGO). Hemos visto nuevas firmas, nombres consagrados, puestas en escena espectaculares (Ailanto y su homenaje a Mariano Fortuny), modelos [&hellip;]<\/p>\n","protected":false},"author":146,"featured_media":35803,"comment_status":"closed","ping_status":"closed","sticky":false,"template":"","format":"standard","meta":{"_acf_changed":false},"categories":[447,1786,519],"tags":[1603,1599,1605,879,1602,1598,1601,1600,872,1604],"class_list":["post-35786","post","type-post","status-publish","format-standard","has-post-thumbnail","hentry","category-eventos","category-react","category-tendencias","tag-agatha-ruiz-de-la-prada","tag-cibeles","tag-estilo","tag-fashion","tag-loreal-paris","tag-madrid-fashion-week","tag-mario-vaquerizo","tag-mercedes-benz-fashion-week-madrid","tag-moda","tag-pasarela","blog_streams-online-trends"],"acf":[],"_links":{"self":[{"href":"https:\/\/www.brandwatch.com\/es\/wp-json\/wp\/v2\/posts\/35786","targetHints":{"allow":["GET"]}}],"collection":[{"href":"https:\/\/www.brandwatch.com\/es\/wp-json\/wp\/v2\/posts"}],"about":[{"href":"https:\/\/www.brandwatch.com\/es\/wp-json\/wp\/v2\/types\/post"}],"author":[{"embeddable":true,"href":"https:\/\/www.brandwatch.com\/es\/wp-json\/wp\/v2\/users\/146"}],"replies":[{"embeddable":true,"href":"https:\/\/www.brandwatch.com\/es\/wp-json\/wp\/v2\/comments?post=35786"}],"version-history":[{"count":0,"href":"https:\/\/www.brandwatch.com\/es\/wp-json\/wp\/v2\/posts\/35786\/revisions"}],"wp:featuredmedia":[{"embeddable":true,"href":"https:\/\/www.brandwatch.com\/es\/wp-json\/wp\/v2\/media\/35803"}],"wp:attachment":[{"href":"https:\/\/www.brandwatch.com\/es\/wp-json\/wp\/v2\/media?parent=35786"}],"wp:term":[{"taxonomy":"category","embeddable":true,"href":"https:\/\/www.brandwatch.com\/es\/wp-json\/wp\/v2\/categories?post=35786"},{"taxonomy":"post_tag","embeddable":true,"href":"https:\/\/www.brandwatch.com\/es\/wp-json\/wp\/v2\/tags?post=35786"}],"curies":[{"name":"wp","href":"https:\/\/api.w.org\/{rel}","templated":true}]}}