{"id":63258,"date":"2017-03-03T16:54:40","date_gmt":"2017-03-03T15:54:40","guid":{"rendered":"https:\/\/www.brandwatch.com\/fr\/?p=63258"},"modified":"2024-09-09T11:47:32","modified_gmt":"2024-09-09T09:47:32","slug":"mwc-2017","status":"publish","type":"post","link":"https:\/\/www.brandwatch.com\/fr\/blog\/mwc-2017\/","title":{"rendered":"MWC 2017: Les marques, la Tech et les moments qui ont marqu\u00e9 le show"},"content":{"rendered":"<p>MWC 2017 :\u00a0Un endroit qui m\u00eale des technologies incroyables et qui ressuscite des anciens mod\u00e8les de t\u00e9l\u00e9phone portable.<\/p>\n<p><!--more--><\/p>\n<p>A l\u2019aide de <a href=\"https:\/\/www.brandwatch.com\/fr\/brandwatch-analytics\/\" target=\"_blank\" rel=\"noopener\">Brandwatch Analytics<\/a>, nous avons suivi les mots-cl\u00e9s autours du MWC pendant la semaine qui vient de s\u2019\u00e9couler pour trouver les moments forts sur les m\u00e9dias sociaux.<\/p>\n<p><em>Nous avons suivi un \u00e9chantillon repr\u00e9sentatif de 10\u00a0% de l<\/em><em>\u2019<\/em><em>ensemble des mentions en anglais sur Twitter, Facebook et Instagram. Notre analyse porte sur 25 691 mentions au total.<\/em><\/p>\n<p>Voici ce que nous avons retenu.<\/p>\n<h2>MWC 2017 : les moments forts<\/h2>\n<p>Les mentions autours du Mobile World Congress ont connu un pic en d\u00e9but de semaine comme le montre le graphique du volume heure par heure ci-dessous.<\/p>\n<p><a href=\"https:\/\/www.brandwatch.com\/wp-content\/uploads\/2017\/03\/MWC-2017-highlights.png\"><img loading=\"lazy\" decoding=\"async\" class=\"alignnone wp-image-92270 size-full\" src=\"https:\/\/www.brandwatch.com\/wp-content\/uploads\/2017\/03\/MWC-2017-highlights.png\" alt=\"MWC 2017\" width=\"850\" height=\"444\" \/><\/a><\/p>\n<p>A quoi sont dus ces pics\u00a0? Pour le comprendre, nous avons analys\u00e9 les mots-cl\u00e9s les plus mentionn\u00e9s lors de chaque pic. Si certains \u00e9taient li\u00e9s \u00e0 des \u00e9v\u00e8nements en direct, d\u2019autres correspondaient \u00e0 un flot de commentaires sur des th\u00e8mes g\u00e9n\u00e9riques et\/ou des produits.<\/p>\n<p><strong>1 (lundi 12\u00a0h)<\/strong> &#8211; Un briefing du New York Times mentionnant le MWC est partag\u00e9 en masse sur les m\u00e9dia sociaux pendant que des photos de visiteurs avec le Nokia 3310 commencent \u00e0 circuler.<\/p>\n<p><strong>2 (lundi 15 h)<\/strong> \u2013 <strong>Le plus gros pics<\/strong> de mention est majoritairement caus\u00e9 par le CEO du groupe Otto \u00e9voquant les essais de voitures autonomes<\/p>\n<p><strong>3 (lundi, 18\u00a0h)<\/strong> &#8211; #5G fait son apparition en trending topic. C\u2019est un sujet Tech qui va rester important toute au long de la semaine.<\/p>\n<p><strong>4 (mardi, 11\u00a0h)<\/strong> \u2013 IBM fait sa marque sur le web social gr\u00e2ce \u00e0 de nombreuses discussions sur divers aspects de l\u2019actualit\u00e9 de la marque au show. Le paiement mobile et la monnaie mobile sont \u00e9galement des th\u00e9matiques tr\u00e8s pr\u00e9sentes notamment avec le stand de Rambus et ses solutions de paiements mobile qui g\u00e9n\u00e8re de nombreux retweets via\u00a0<a href=\"https:\/\/twitter.com\/MikeFeibus\/status\/836520991601864708?ref_src=twsrc%5Etfw\" target=\"_blank\" rel=\"noopener\">@MikeFeibus.<\/a><\/p>\n<p><strong>5 (mardi 16\u00a0h)<\/strong> &#8211; \u00a0Le Nokia 3310, L\u2019IoT et la 7<sup>\u00e8me<\/sup> g\u00e9n\u00e9ration du Gen Core d\u2019Intel sont parmi les mots-cl\u00e9s les plus mentionn\u00e9s.<\/p>\n<p><strong>6 (Mercredi 12\u00a0h)<\/strong> &#8211; \u00a0Huawei appara\u00eet dans les mentions gr\u00e2ce \u00e0 <a href=\"https:\/\/twitter.com\/craigbrownphd\/status\/836902441421582336\" target=\"_blank\" rel=\"noopener\">@craigbrownphd<\/a>\u00a0au sujet de leur discours qui mentionne les villes sures. L\u2019IoT et la 5G continuent de g\u00e9n\u00e9rer de nombreuses conversations.<\/p>\n<h2>MWC 2017 : La technologie \u00e0 l\u2019honneur<\/h2>\n<p>Quoi de mieux que le Mobile World Congress pour trouver les derniers gadgets\u00a0?<\/p>\n<p>En analysant les mots-cl\u00e9s et les th\u00e9matiques tendances, nous avons identifi\u00e9 un certain nombre de buzzwords qui revenaient constamment.<\/p>\n<p><a href=\"https:\/\/www.brandwatch.com\/wp-content\/uploads\/2017\/03\/top-mentioned-tech.png\"><img loading=\"lazy\" decoding=\"async\" class=\"alignnone wp-image-92293 size-full\" src=\"https:\/\/www.brandwatch.com\/wp-content\/uploads\/2017\/03\/top-mentioned-tech.png\" alt=\"MWC 2017\" width=\"850\" height=\"883\" \/><\/a><\/p>\n<p><a href=\"https:\/\/siecledigital.fr\/2017\/02\/23\/internet-of-things-medias-francais-influents\/\" target=\"_blank\" rel=\"noopener\">L\u2019Internet des objets<\/a> est presque garantit d\u2019arriver sur le podium, mais la 5G appara\u00eet comme la vraie star du show. C\u2019est le sujet \u00e9voqu\u00e9 par de nombreux influenceurs, qui a \u00e9t\u00e9 au c\u0153ur du buzz sur le modem 5G d\u2019Intel et qui a fait parler de lui pour les incroyables opportunit\u00e9s que cette technologie offre.<\/p>\n<p><span style=\"font-size: 24px; font-weight: bold;\">MWC 2017 : Le top des marques<\/span><\/p>\n<p>Vous vous en doutiez peut \u00eatre mais Nokia a vol\u00e9 le show en terme de visibilit\u00e9 sur le web social. Coupl\u00e9 avec la popularit\u00e9 de la 5G, l\u2019\u00e9dition 2017 du MWC a m\u00eal\u00e9 l\u2019ancien avec le neuf.<\/p>\n<p>Une grande partie des mentions sur Nokia a bien \u00e9videmment port\u00e9 sur le 3310 qui a fait <a href=\"https:\/\/twitter.com\/nokiamobile\/status\/835923172155355136\" target=\"_blank\" rel=\"noopener\">son comeback<\/a> cette ann\u00e9e. Le hashtag #Cloud a \u00e9galement pris une pace importante dans les discussions.<\/p>\n<blockquote class=\"twitter-tweet\" data-width=\"500\" data-dnt=\"true\">\n<p lang=\"en\" dir=\"ltr\">Watch the highlights on how we innovate the global nervous system at <a href=\"https:\/\/twitter.com\/hashtag\/MWC17?src=hash&amp;ref_src=twsrc%5Etfw\" target=\"_blank\" rel=\"noopener\">#MWC17<\/a> with <a href=\"https:\/\/twitter.com\/hashtag\/IoT?src=hash&amp;ref_src=twsrc%5Etfw\" target=\"_blank\" rel=\"noopener\">#IoT<\/a>, <a href=\"https:\/\/twitter.com\/hashtag\/5G?src=hash&amp;ref_src=twsrc%5Etfw\" target=\"_blank\" rel=\"noopener\">#5G<\/a>, <a href=\"https:\/\/twitter.com\/hashtag\/UBB?src=hash&amp;ref_src=twsrc%5Etfw\" target=\"_blank\" rel=\"noopener\">#UBB<\/a> and <a href=\"https:\/\/twitter.com\/hashtag\/Cloud?src=hash&amp;ref_src=twsrc%5Etfw\" target=\"_blank\" rel=\"noopener\">#Cloud<\/a> <a href=\"https:\/\/t.co\/DVn49eurjp\">https:\/\/t.co\/DVn49eurjp<\/a><\/p>\n<p>&mdash; Nokia for CSPs (@nokianetworks) <a href=\"https:\/\/twitter.com\/nokianetworks\/status\/837227097135407104?ref_src=twsrc%5Etfw\" target=\"_blank\" rel=\"noopener\">March 2, 2017<\/a><\/p><\/blockquote>\n<p><script async src=\"https:\/\/platform.twitter.com\/widgets.js\" charset=\"utf-8\"><\/script><\/p>\n<p>Nous avons identifi\u00e9 les marques les plus cit\u00e9es en v\u00e9rifiant les 30 premiers comptes Twitter et les mots-cl\u00e9s les plus mentionn\u00e9s au cours de chaque heure et jour du MWC au sein de notre \u00e9chantillon de 10 %. Les volumes ont \u00e9t\u00e9 multipli\u00e9s par 10 pour refl\u00e9ter un nombre de mentions plus proche de la r\u00e9alit\u00e9.<\/p>\n<p>(D\u2019autres marques qui ont g\u00e9n\u00e9r\u00e9 un flot de conversations pendant l\u2019\u00e9v\u00e9nement mais qui n\u2019ont pas eu de \u00ab moment\u00a0\u00bb ne sont pas forc\u00e9ment incluses dans le classement ci-dessous.)<\/p>\n<p><a href=\"https:\/\/www.brandwatch.com\/wp-content\/uploads\/2017\/03\/top-mentioned-brands.png\"><img loading=\"lazy\" decoding=\"async\" class=\"alignnone wp-image-92287 size-full\" src=\"https:\/\/www.brandwatch.com\/wp-content\/uploads\/2017\/03\/top-mentioned-brands.png\" alt=\"MWC 2017\" width=\"850\" height=\"883\" \/><\/a><\/p>\n<h2>MWC 2017 :\u00a0En bref<\/h2>\n<p>Sans aucun doute, le Nokia 3310 a \u00e9t\u00e9 la top story avec 8 % des conversations globales mentionnant Nokia. En terme de volume, la 5G et l\u2019IoT ont \u00e9t\u00e9 les tendances les plus importantes.<\/p>\n<p>Avec autant d\u2019annonces et de nouveaut\u00e9s, nous avons s\u00e9lectionn\u00e9 pour vous nos tweets pr\u00e9f\u00e9r\u00e9s.<\/p>\n<blockquote class=\"twitter-tweet\" data-width=\"500\" data-dnt=\"true\">\n<p lang=\"en\" dir=\"ltr\">Introducing the <a href=\"https:\/\/twitter.com\/hashtag\/Robocar?src=hash&amp;ref_src=twsrc%5Etfw\" target=\"_blank\" rel=\"noopener\">#Robocar<\/a>. <a href=\"https:\/\/twitter.com\/hashtag\/MWC17?src=hash&amp;ref_src=twsrc%5Etfw\" target=\"_blank\" rel=\"noopener\">#MWC17<\/a> <a href=\"https:\/\/twitter.com\/hashtag\/Roborace?src=hash&amp;ref_src=twsrc%5Etfw\" target=\"_blank\" rel=\"noopener\">#Roborace<\/a> <a href=\"https:\/\/t.co\/22eq3099GR\">pic.twitter.com\/22eq3099GR<\/a><\/p>\n<p>&mdash; Roborace (@roborace) <a href=\"https:\/\/twitter.com\/roborace\/status\/836235863071862785?ref_src=twsrc%5Etfw\" target=\"_blank\" rel=\"noopener\">February 27, 2017<\/a><\/p><\/blockquote>\n<p><script async src=\"https:\/\/platform.twitter.com\/widgets.js\" charset=\"utf-8\"><\/script><\/p>\n<blockquote class=\"twitter-tweet\" data-width=\"500\" data-dnt=\"true\">\n<p lang=\"en\" dir=\"ltr\">Orange CEO: 5G is a game changer. Will become as valuable to us as oxygen&#8230;<a href=\"https:\/\/twitter.com\/hashtag\/mwc17?src=hash&amp;ref_src=twsrc%5Etfw\" target=\"_blank\" rel=\"noopener\">#mwc17<\/a> <a href=\"https:\/\/t.co\/RNuiblANKD\">pic.twitter.com\/RNuiblANKD<\/a><\/p>\n<p>&mdash; Simon Torrance (@simon_torrance) <a href=\"https:\/\/twitter.com\/simon_torrance\/status\/836529217093369857?ref_src=twsrc%5Etfw\" target=\"_blank\" rel=\"noopener\">February 28, 2017<\/a><\/p><\/blockquote>\n<p><script async src=\"https:\/\/platform.twitter.com\/widgets.js\" charset=\"utf-8\"><\/script><\/p>\n<blockquote class=\"twitter-tweet\" data-width=\"500\" data-dnt=\"true\">\n<p lang=\"en\" dir=\"ltr\">Robots are running on <a href=\"https:\/\/twitter.com\/hashtag\/Ubuntu?src=hash&amp;ref_src=twsrc%5Etfw\" target=\"_blank\" rel=\"noopener\">#Ubuntu<\/a>! Come meet them at <a href=\"https:\/\/twitter.com\/hashtag\/MWC17?src=hash&amp;ref_src=twsrc%5Etfw\" target=\"_blank\" rel=\"noopener\">#MWC17<\/a> Hall P3 \u2013 3K31! <a href=\"https:\/\/twitter.com\/hashtag\/UbuntuAtMWC?src=hash&amp;ref_src=twsrc%5Etfw\" target=\"_blank\" rel=\"noopener\">#UbuntuAtMWC<\/a> <a href=\"https:\/\/t.co\/YBtXdD9a8x\">pic.twitter.com\/YBtXdD9a8x<\/a><\/p>\n<p>&mdash; Ubuntu Cloud (@ubuntucloud) <a href=\"https:\/\/twitter.com\/ubuntucloud\/status\/836999302362906624?ref_src=twsrc%5Etfw\" target=\"_blank\" rel=\"noopener\">March 1, 2017<\/a><\/p><\/blockquote>\n<p><script async src=\"https:\/\/platform.twitter.com\/widgets.js\" charset=\"utf-8\"><\/script><\/p>\n<p><strong>Vous \u00eates journaliste et souhaitez utilisez nos donn\u00e9es\u00a0? <a href=\"https:\/\/www.brandwatch.com\/fr\/press\/\" target=\"_blank\" rel=\"noopener\">Contactez-nous<\/a>, nous pouvons vous fournir des donn\u00e9es sur d\u2019autres \u00e9v\u00e9nements<\/strong><\/p>\n<p>[bw_banner_cta type=2 url=&nbsp;&raquo;https:\/\/www.brandwatch.com\/fr\/demo\/&nbsp;&raquo; button=&nbsp;&raquo;EN SAVOIR PLUS&nbsp;&raquo;] Cat\u00e9gorisez les conversations social media sur votre marque et vos produits pour une approche plus cibl\u00e9e.[\/bw_banner_cta]<\/p>\n","protected":false},"excerpt":{"rendered":"<p>MWC 2017 :\u00a0Un endroit qui m\u00eale des technologies incroyables et qui ressuscite des anciens mod\u00e8les de t\u00e9l\u00e9phone portable.<\/p>\n","protected":false},"author":231,"featured_media":63260,"comment_status":"closed","ping_status":"closed","sticky":false,"template":"","format":"standard","meta":{"_acf_changed":false},"categories":[2715,3478,3122,139],"tags":[],"class_list":["post-63258","post","type-post","status-publish","format-standard","has-post-thumbnail","hentry","category-evenements","category-fun","category-observation","category-veille"],"acf":[],"_links":{"self":[{"href":"https:\/\/www.brandwatch.com\/fr\/wp-json\/wp\/v2\/posts\/63258","targetHints":{"allow":["GET"]}}],"collection":[{"href":"https:\/\/www.brandwatch.com\/fr\/wp-json\/wp\/v2\/posts"}],"about":[{"href":"https:\/\/www.brandwatch.com\/fr\/wp-json\/wp\/v2\/types\/post"}],"author":[{"embeddable":true,"href":"https:\/\/www.brandwatch.com\/fr\/wp-json\/wp\/v2\/users\/231"}],"replies":[{"embeddable":true,"href":"https:\/\/www.brandwatch.com\/fr\/wp-json\/wp\/v2\/comments?post=63258"}],"version-history":[{"count":0,"href":"https:\/\/www.brandwatch.com\/fr\/wp-json\/wp\/v2\/posts\/63258\/revisions"}],"wp:featuredmedia":[{"embeddable":true,"href":"https:\/\/www.brandwatch.com\/fr\/wp-json\/wp\/v2\/media\/63260"}],"wp:attachment":[{"href":"https:\/\/www.brandwatch.com\/fr\/wp-json\/wp\/v2\/media?parent=63258"}],"wp:term":[{"taxonomy":"category","embeddable":true,"href":"https:\/\/www.brandwatch.com\/fr\/wp-json\/wp\/v2\/categories?post=63258"},{"taxonomy":"post_tag","embeddable":true,"href":"https:\/\/www.brandwatch.com\/fr\/wp-json\/wp\/v2\/tags?post=63258"}],"curies":[{"name":"wp","href":"https:\/\/api.w.org\/{rel}","templated":true}]}}