{"id":63746,"date":"2017-04-28T14:59:06","date_gmt":"2017-04-28T12:59:06","guid":{"rendered":"https:\/\/www.brandwatch.com\/fr\/?p=63746"},"modified":"2017-04-28T14:59:58","modified_gmt":"2017-04-28T12:59:58","slug":"webinar-avec-hootsuite-social-selling-creez-developpez-et-qualifiez-des-leads-grace-au-social-media","status":"publish","type":"post","link":"https:\/\/www.brandwatch.com\/fr\/blog\/webinar-avec-hootsuite-social-selling-creez-developpez-et-qualifiez-des-leads-grace-au-social-media\/","title":{"rendered":"Webinar avec Hootsuite &#8211; Social Selling : Cr\u00e9ez, d\u00e9veloppez et qualifiez des leads gr\u00e2ce au social media"},"content":{"rendered":"<p>Vous pensez que le \u00ab Social Selling \u00bb n&rsquo;est qu&rsquo;une expression \u00e0 la mode\u00a0? D\u00e9trompez-vous !<\/p>\n<p>Le parcours d\u2019achat est en train de changer, nous sommes dans l\u2019\u00e8re du consommateur.<\/p>\n<p>Confront\u00e9 \u00e0 toujours plus de choix et de messages publicitaires, le consommateur a d\u00e9sormais acc\u00e8s \u00e0 une quantit\u00e9 incroyable d\u2019informations sur les marques et les produits en ligne.\u00a0Les entreprises doivent d\u00e9sormais cr\u00e9er la demande que ce soit en B2B comme en B2C.<\/p>\n<p>Plus que jamais, il est\u00a0important d\u2019aligner les fonctions marketing et commerciale pour optimiser la g\u00e9n\u00e9ration de lead.<\/p>\n<p>Une \u00e9tude Marketo a montr\u00e9 que\u00a0<a href=\"https:\/\/www.marketo.com\/resources\/social-marketing\/\" target=\"_blank\" rel=\"noopener\">58 % des marketers<\/a>\u00a0utilisant les m\u00e9dias sociaux depuis 3 ans ou plus d\u00e9clarent avoir augment\u00e9 leurs ventes en passant en moyenne de 4 \u00e0 6 heures sur les m\u00e9dias sociaux par semaine.<\/p>\n<p><strong>Mais alors comment se pr\u00e9sente le social selling en pratique et comment le mettre en place dans l\u2019entreprise ? C<\/strong><strong>\u2019est ce que nous verrons avec Hootsuite <a href=\"https:\/\/webikeo.fr\/webinar\/social-selling-comment-generer-des-opportunites-commerciales-au-travers-des-medias-sociaux\/share?campaign=blogbw\" target=\"_blank\" rel=\"noopener\">pendant ce webinar<\/a> le 16 mai prochain \u00e0 11 h 15.<\/strong><\/p>\n<h2>Au programme<\/h2>\n<p><a href=\"https:\/\/webikeo.fr\/webinar\/social-selling-comment-generer-des-opportunites-commerciales-au-travers-des-medias-sociaux\/share?campaign=blogbw\" target=\"_blank\" rel=\"noopener\">Lors de\u00a0ce webinar<\/a>, nous verrons ensemble :<\/p>\n<ul>\n<li>Qu&rsquo;est ce que le Social Selling exactement<\/li>\n<li>Comment identifier des opportunit\u00e9s commerciales sur les m\u00e9dias sociaux<\/li>\n<li>Comment former et accompagner votre force de vente<\/li>\n<li>Comment int\u00e9grer le social media \u00e0 votre d\u00e9marche commerciale<\/li>\n<li>A quoi renvoie le concept de Social Intelligence et en quoi cela fait partie int\u00e9grante d\u2019une strat\u00e9gie gagnante de Social Selling<\/li>\n<\/ul>\n<p style=\"text-align: center;\">[cta_button title=&nbsp;&raquo;S\u2019INSCRIRE AU WEBINAR&nbsp;&raquo; text=&nbsp;&raquo; S\u2019INSCRIRE AU WEBINAR &nbsp;&raquo; target=&nbsp;&raquo;https:\/\/webikeo.fr\/webinar\/social-selling-comment-generer-des-opportunites-commerciales-au-travers-des-medias-sociaux\/share?campaign=blogbw&nbsp;&raquo;]<\/p>\n<h2>Infos Pratiques<\/h2>\n<p><strong>Quand\u00a0<\/strong>: Le mardi 16 mai \u00e0 11\u00a0h\u00a015<\/p>\n<p><strong>Dur\u00e9e\u00a0<\/strong>: 45 minutes (pr\u00e9sentation + temps r\u00e9serv\u00e9 aux questions)<\/p>\n<p><strong>Intervenants<\/strong> : Catherine Zamora Barbosa, Marketing Coordinator \u2013 <a href=\"https:\/\/hootsuite.com\/fr\/\" target=\"_blank\" rel=\"noopener\">Hootsuite<\/a> et M\u00e9lanie Corolleur, Marketing Manager France &#8211; Brandwatch<\/p>\n<p><strong>O\u00f9 s\u2019enregistrer<\/strong> : <a href=\"https:\/\/webikeo.fr\/webinar\/social-selling-comment-generer-des-opportunites-commerciales-au-travers-des-medias-sociaux\/share?campaign=blogbw\" target=\"_blank\" rel=\"noopener\">Sur le site de Webikeo<\/a><\/p>\n<p><strong>Je ne suis pas disponible ce jour l\u00e0 que faire ?<\/strong> Pas de probl\u00e8me, vous pourrez t\u00e9l\u00e9charger la pr\u00e9sentation et revoir le webinar pendant 4 mois apr\u00e8s sa diffusion.<\/p>\n<p>&nbsp;<\/p>\n<p>Rejoignez-nous en compagnie de Hootsuite le 16 mai prochain \u00e0 11\u00a0h\u00a015 <a href=\"https:\/\/webikeo.fr\/webinar\/social-selling-comment-generer-des-opportunites-commerciales-au-travers-des-medias-sociaux\/share?campaign=blogbw\" target=\"_blank\" rel=\"noopener\">sur Webikeo<\/a>, et d\u00e9couvrez nos conseils pour impl\u00e9menter une strat\u00e9gie de social selling efficace.<\/p>\n<p class=\"p1\"><span class=\"s1\">[bw_banner_cta type=1 url=&nbsp;&raquo;https:\/\/www.brandwatch.com\/fr\/guides\/la-social-intelligence-en-pratique-social-selling\/&nbsp;&raquo; button=&nbsp;&raquo;T\u00c9L\u00c9CHARGEZ LE GUIDE&nbsp;&raquo; title=&nbsp;&raquo;Guide Pratique du <strong>Social Selling<\/strong>&nbsp;&raquo; image=&nbsp;&raquo;https:\/\/www.brandwatch.com\/fr\/wp-content\/uploads\/2016\/07\/Thumb-e1471519947488.png&nbsp;&raquo; ]Soyez visible des 81% de consommateurs qui recherchent le web avant d&rsquo;acheter[\/bw_banner_cta]<\/span><\/p>\n<p>&nbsp;<\/p>\n","protected":false},"excerpt":{"rendered":"<p>Vous pensez que le \u00ab Social Selling \u00bb n&rsquo;est qu&rsquo;une expression \u00e0 la mode\u00a0? D\u00e9trompez-vous ! Le parcours d\u2019achat est en train de changer, nous sommes dans l\u2019\u00e8re du consommateur. Confront\u00e9 \u00e0 toujours plus de choix et de messages publicitaires, le consommateur a d\u00e9sormais acc\u00e8s \u00e0 une quantit\u00e9 incroyable d\u2019informations sur les marques et les [&hellip;]<\/p>\n","protected":false},"author":231,"featured_media":63747,"comment_status":"open","ping_status":"closed","sticky":false,"template":"","format":"standard","meta":{"_acf_changed":false},"categories":[2715,3479],"tags":[],"class_list":["post-63746","post","type-post","status-publish","format-standard","has-post-thumbnail","hentry","category-evenements","category-marketing"],"acf":[],"_links":{"self":[{"href":"https:\/\/www.brandwatch.com\/fr\/wp-json\/wp\/v2\/posts\/63746","targetHints":{"allow":["GET"]}}],"collection":[{"href":"https:\/\/www.brandwatch.com\/fr\/wp-json\/wp\/v2\/posts"}],"about":[{"href":"https:\/\/www.brandwatch.com\/fr\/wp-json\/wp\/v2\/types\/post"}],"author":[{"embeddable":true,"href":"https:\/\/www.brandwatch.com\/fr\/wp-json\/wp\/v2\/users\/231"}],"replies":[{"embeddable":true,"href":"https:\/\/www.brandwatch.com\/fr\/wp-json\/wp\/v2\/comments?post=63746"}],"version-history":[{"count":0,"href":"https:\/\/www.brandwatch.com\/fr\/wp-json\/wp\/v2\/posts\/63746\/revisions"}],"wp:featuredmedia":[{"embeddable":true,"href":"https:\/\/www.brandwatch.com\/fr\/wp-json\/wp\/v2\/media\/63747"}],"wp:attachment":[{"href":"https:\/\/www.brandwatch.com\/fr\/wp-json\/wp\/v2\/media?parent=63746"}],"wp:term":[{"taxonomy":"category","embeddable":true,"href":"https:\/\/www.brandwatch.com\/fr\/wp-json\/wp\/v2\/categories?post=63746"},{"taxonomy":"post_tag","embeddable":true,"href":"https:\/\/www.brandwatch.com\/fr\/wp-json\/wp\/v2\/tags?post=63746"}],"curies":[{"name":"wp","href":"https:\/\/api.w.org\/{rel}","templated":true}]}}