{"id":65936,"date":"2017-11-14T16:21:17","date_gmt":"2017-11-14T15:21:17","guid":{"rendered":"https:\/\/www.brandwatch.com\/fr\/?p=65936"},"modified":"2024-10-25T14:52:19","modified_gmt":"2024-10-25T12:52:19","slug":"asktheexperts-distribution","status":"publish","type":"post","link":"https:\/\/www.brandwatch.com\/fr\/blog\/asktheexperts-distribution\/","title":{"rendered":"#AskTheExperts : Caract\u00e9ristiques, tendances, challenges et enjeux social media pour le secteur de la distribution"},"content":{"rendered":"<p><span style=\"font-weight: 400;\">Voici le troisi\u00e8me et dernier article de notre s\u00e9rie<a href=\"https:\/\/www.brandwatch.com\/fr\/blog\/tag\/parole%20d%E2%80%99experts\" target=\"_blank\" rel=\"noopener\"> #AskTheExperts<\/a> sur la distribution et le retail.\u00a0<\/span><span style=\"font-weight: 400;\">Cette fois, nous nous sommes entretenus avec 3 sp\u00e9cialistes. <\/span><\/p>\n<div class=\"twitterCard\">\n<div class=\"twitterCard_avatar\">\n<p><img decoding=\"async\" class=\"twitterCard_avatar_img\" src=\"https:\/\/www.brandwatch.com\/fr\/wp-content\/uploads\/2017\/09\/Maud-Jenni.jpg\" \/><\/p>\n<h3 class=\"twitterCard_avatar_name\"><a href=\"https:\/\/www.lesexpertsduweb.com\/\" target=\"_blank\" rel=\"noopener\">Les Experts du Web<\/a><\/h3>\n<\/div>\n<div class=\"twitterCard_content\">\n<h3><a href=\"https:\/\/twitter.com\/ModJenn\" target=\"_blank\" rel=\"noopener\">Maud Jenni<\/a><\/h3>\n<p>Maud est CMO et co-fondatrice de l&rsquo;agence Les experts du Web. Auparavant, elle a occup\u00e9 le poste de directrice e-commerce et a travaill\u00e9 avec de nombreux retailers fran\u00e7ais.<\/p>\n<\/div>\n<\/div>\n<div class=\"twitterCard\">\n<div class=\"twitterCard_avatar\">\n<p><img decoding=\"async\" class=\"twitterCard_avatar_img\" src=\"https:\/\/www.brandwatch.com\/fr\/wp-content\/uploads\/2016\/01\/Anthony-Rochand.jpg\" \/><\/p>\n<h3 class=\"twitterCard_avatar_name\"><a href=\"https:\/\/www.lesexpertsduweb.com\/\" target=\"_blank\" rel=\"noopener\">Les Experts du Web<\/a><\/h3>\n<\/div>\n<div class=\"twitterCard_content\">\n<h3><a href=\"https:\/\/twitter.com\/AnthonyRochand\" target=\"_blank\" rel=\"noopener\">Anthony Rochand<\/a><\/h3>\n<p>Anthony est CEO et co-fondateur de l\u2019agence Les Experts du Web. Sp\u00e9cialiste de l&rsquo;influence 2.0, il b\u00e9n\u00e9ficie d\u2019un long pass\u00e9 dans la grande distribution, en tant que chef de secteur et directeur de magasin<\/p>\n<\/div>\n<\/div>\n<div class=\"twitterCard\">\n<div class=\"twitterCard_avatar\">\n<p><img decoding=\"async\" class=\"twitterCard_avatar_img\" src=\"https:\/\/www.brandwatch.com\/fr\/wp-content\/uploads\/2017\/09\/Jean-Marc-Megnin.jpg\" \/><\/p>\n<h3 class=\"twitterCard_avatar_name\"><a href=\"http:\/\/www.shoppermind.com\/accueil\/\" target=\"_blank\" rel=\"noopener\">Shopper Mind<\/a><\/h3>\n<\/div>\n<div class=\"twitterCard_content\">\n<h3><a href=\"https:\/\/twitter.com\/JMMegnin\" target=\"_blank\" rel=\"noopener\">Jean-Marc Megnin<\/a><\/h3>\n<p>Jean-Marc est directeur g\u00e9n\u00e9ral de Shopper Mind, l\u2019observatoire de tendances du retail et commerce du Groupe Altavia. Il a travaill\u00e9 avec les plus grandes enseignes de distribution fran\u00e7aises.<\/p>\n<\/div>\n<\/div>\n<p><span style=\"font-weight: 400;\">Cet entretien vient compl\u00e9ter la s\u00e9rie qui a vu Laurence Faguer nous parler <\/span><a href=\"https:\/\/www.brandwatch.com\/fr\/2017\/08\/asktheexperts-retail-digital-laurence\/\" target=\"_blank\" rel=\"noopener\"><span style=\"font-weight: 400;\">des pratiques des retailers am\u00e9ricains<\/span><\/a><span style=\"font-weight: 400;\">, et Damien Jacob \u00e9voquer comment le retail et la distribution <a href=\"https:\/\/www.brandwatch.com\/fr\/2017\/09\/asktheexperts-retail-digital-damien\/\" target=\"_blank\" rel=\"noopener\">font face \u00e0 la transformation num\u00e9rique<\/a>.<\/span><\/p>\n<p><span style=\"font-weight: 400;\">De l\u2019\u00e9cosyst\u00e8me ultra-concurrentiel \u00e0 la <\/span><span style=\"font-weight: 400;\">boulimie algorithmique, en passant par l\u2019omnipr\u00e9sence du mobile et la personnalisation, d\u00e9couvrez les avis des ces trois experts sur les c<\/span>aract\u00e9ristiques, tendances, challenges et enjeux social media pour le secteur de la distribution.<\/p>\n<h2>Qu\u2019est-ce qui caract\u00e9rise le secteur \u00e0 l&rsquo;heure de la transformation digitale ?<\/h2>\n<p><span style=\"font-weight: 400;\"><strong>Maud<\/strong>\u00a0&#8211; \u00ab\u00a0<\/span><span style=\"font-weight: 400;\">Le secteur est ultra-concurrentiel. Ainsi, il a besoin de renouvellement continu afin de conserver et d\u00e9velopper des parts de march\u00e9. Dans cet \u00e9cosyst\u00e8me, il lui faut consid\u00e9rer des poids lourds comme Amazon qui s&rsquo;attaquent \u00e0 une \u00e9conomie qui doit bousculer ses mod\u00e8les et services. Avec la possibilit\u00e9 de passer des commandes en 1 clic et un gain de temps manifeste via des parcours client optimis\u00e9s et des services de livraison ultra-rapide, l&rsquo;e-commerce comprend des avantages substantiels face aux m\u00e9canismes de la distribution traditionnelle.<\/span><\/p>\n<p><span style=\"font-weight: 400;\">Au del\u00e0 des changements organisationnels, c&rsquo;est au niveau de l&rsquo;exp\u00e9rience client et des espaces de vente (physiques ou digitaux) que se tient le nerf de la guerre. <a href=\"https:\/\/www.brandwatch.com\/fr\/2017\/08\/infographie-les-comportements-des-consommateurs-de-produits-cosmetiques-en-ligne\/\" target=\"_blank\" rel=\"noopener\">Le comportement <\/a>des consommateurs a chang\u00e9. Au del\u00e0 des nouveaux services de \u00ab\u00a0commodit\u00e9 \u00bb (bornes tactiles, wifi, drive, livraison \u00e0 domicile, etc.), les nouvelles habitudes des consommateurs conduisent les distributeurs \u00e0 mettre en place une d\u00e9marche globale et omnicanal de mani\u00e8re unilat\u00e9rale pour am\u00e9liorer la r\u00e9activit\u00e9 des diff\u00e9rents processus op\u00e9rationnels (passage en caisse, distribution, information, communication). <\/span><\/p>\n<p><span style=\"font-weight: 400;\">Aussi, en am\u00e9liorant la connaissance, <a href=\"https:\/\/www.brandwatch.com\/fr\/2017\/08\/boost-gestion-experience-client\/\" target=\"_blank\" rel=\"noopener\">l&rsquo;exp\u00e9rience<\/a> et le retour client, le secteur pourra se r\u00e9inventer pleinement avec le b\u00e9n\u00e9fice de la transformation digitale. Reste \u00e0 ajuster toute une strat\u00e9gie. \u00bb<\/span><\/p>\n<p class=\"p1\">[bw_also_like id=&nbsp;&raquo;63102&Prime; title =&nbsp;&raquo;Vous aimerez aussi&nbsp;&raquo; button_text=&nbsp;&raquo;Lire l\u2019article&nbsp;&raquo;]<\/p>\n<p><strong>Jean-Marc<\/strong> &#8211;<strong> \u00ab\u00a0<\/strong><span style=\"font-weight: 400;\">Historiquement il y a eu trois phases de r\u00e9action de la distribution fran\u00e7aise (food et non food) face au digital : le d\u00e9ni, la col\u00e8re, l\u2019acceptation et la reconstruction omnicanal.<\/span><\/p>\n<p><span style=\"font-weight: 400;\">Avec le digital,<a href=\"https:\/\/www.brandwatch.com\/fr\/guides\/benchmarking-concurrentiel\/\" target=\"_blank\" rel=\"noopener\"> la concurrence<\/a> n\u2019est plus frontale mais arrive \u00ab\u00a0par le haut\u00a0\u00bb. Il est int\u00e9ressant de constater que <a href=\"https:\/\/www.brandwatch.com\/fr\/2017\/07\/fin-centres-commerciaux-satisfaction-client\/\" target=\"_blank\" rel=\"noopener\">les centres commerciaux<\/a> vivent la m\u00eame chose.<\/span><\/p>\n<p><span style=\"font-weight: 400;\">Le digital a radicalement transform\u00e9 le comportement des consommateurs. D\u2019ailleurs il ne faut pas confondre \u00ab\u00a0acheter sur Internet\u00a0\u00bb avec l\u2019influence qu\u2019internet a sur nos achats : suivant les march\u00e9s 70 % des achats se font encore en magasin ; le magasin influe sur les achats en ligne et inversement. De \u00ab\u00a0captifs\u00a0\u00bb les clients sont devenus \u00ab\u00a0lib\u00e9r\u00e9s\u00a0\u00bb. La distribution a d\u00fb comprendre que pour servir ses clients il ne faut plus forc\u00e9ment les pousser \u00e0 venir en magasin. <\/span><\/p>\n<p><span style=\"font-weight: 400;\">Pour survivre les enseignes de distribution doivent prendre en compte que :<\/span><\/p>\n<ul>\n<li style=\"font-weight: 400;\"><span style=\"font-weight: 400;\">La concurrence n\u2019est plus physique mais dans le cloud<\/span><\/li>\n<li style=\"font-weight: 400;\"><span style=\"font-weight: 400;\">Le commerce doit \u00eatre multi-service<\/span><\/li>\n<li style=\"font-weight: 400;\"><span style=\"font-weight: 400;\">La baisse des visites en magasin n\u2019est pas une fatalit\u00e9 mais une conjoncture \u00bb<\/span><\/li>\n<\/ul>\n<h2>Selon-vous, quelles sont les tendances \u00e9mergentes pour le secteur de la distribution ?<\/h2>\n<p><strong>Maud<\/strong>\u00a0&#8211; \u00ab Pour moi, tout ce qui se rapporte au phygital et donc \u00e0 la digitalisation des points de vente doit amener \u00e0 un meilleur \u00e9quilibre du secteur. La technologie qui vise \u00e0 faciliter l\u2019achat et accompagner le client en amont de la vente \u00e0 l&rsquo;apr\u00e8s-vente a son importance.<\/p>\n<p>Il en est de m\u00eame concernant <a href=\"https:\/\/www.brandwatch.com\/fr\/2016\/11\/segmentation-intelligente\/\" target=\"_blank\" rel=\"noopener\">la collecte et la clusterisation intelligente des donn\u00e9es<\/a> dans une optique de personnalisation de la relation client en continu. Dans ce cadre, l&rsquo;int\u00e9gration de la mobilit\u00e9 est essentielle notamment dans les aspects de rep\u00e9rage produits d\u2019acc\u00e8s aux offres sp\u00e9cifiques.<\/p>\n<p>Plus globalement, l&rsquo;animation par le biais des objets connect\u00e9s ou encore la r\u00e9alit\u00e9 virtuelle (v-commerce) doivent permettre la cr\u00e9ation de nouvelles interactions pour r\u00e9inventer les espaces de vente ; on y attend un fort d\u00e9veloppement ces prochaines ann\u00e9es. Les tendances avec le paiement par mobile doivent se confirmer (Auchan et Franprix l&rsquo;int\u00e8grent d\u00e9j\u00e0 via les applications MyAuchan et Lydia), mais aussi celles de la consommation collaborative par le biais du cobanking.<\/p>\n<p>Enfin, les services d&rsquo;achat directs aupr\u00e8s des petits producteurs devraient \u00eatre davantage valoris\u00e9s pour r\u00e9pondre \u00e0 des crit\u00e8res de qualit\u00e9 pl\u00e9biscit\u00e9s par les consommateurs. \u00bb<\/p>\n<p><img loading=\"lazy\" decoding=\"async\" class=\"aligncenter wp-image-65968 size-large\" src=\"https:\/\/www.brandwatch.com\/fr\/wp-content\/uploads\/2017\/09\/iStock-667379174-1024x683.jpg\" alt=\"\" width=\"940\" height=\"627\" \/><\/p>\n<p><span style=\"font-weight: 400;\"><strong>Jean-Marc<\/strong>\u00a0&#8211; \u00ab\u00a0<\/span><span style=\"font-weight: 400;\">Je dirai que c&rsquo;est le grand retour de la proximit\u00e9 relationnelle et de services. Contrairement \u00e0 ce que l\u2019on aurait pu penser le digital \u00e0 fortiori \u2018\u2019mobile\u2019\u2019 est un formidable atout pour la relation client. Il offre une certaine fluidit\u00e9 du parcours d\u2019achat et des interactions. L\u2019humain est encore l\u2019humain.<\/span><\/p>\n<p><span style=\"font-weight: 400;\">Mais \u00e9galement la premiumisation des points de vente, pour recr\u00e9er de la valeur sur les achats non m\u00e9canisables, l\u2019\u00e9largissement des amplitudes horaires via le digital pour \u00eatre toujours disponible pour ses clients ou encore redevenir un lieu soci\u00e9tal. \u00bb<\/span><\/p>\n<h2>Quels sont les enjeux de la social data et des m\u00e9dias sociaux pour les GMS ?<\/h2>\n<p><span style=\"font-weight: 400;\"><strong>Anthony<\/strong>\u00a0&#8211; \u00ab\u00a0<\/span><span style=\"font-weight: 400;\">Le marketing digital repr\u00e9sente un enjeu capital pour les GMS, notamment l&rsquo;engagement cr\u00e9\u00e9 sur les m\u00e9dias sociaux. <\/span><\/p>\n<p><span style=\"font-weight: 400;\">La communication social media repr\u00e9sente une r\u00e9elle opportunit\u00e9 de cr\u00e9er un pont entre le client en magasin et l&rsquo;enseigne. Les GMS doivent donc se montrer cr\u00e9atives et innovantes afin d&rsquo;interagir avec leurs consommateurs (futurs ou actuels) pour \u00e9tablir une r\u00e9elle relation privil\u00e9gi\u00e9e. En fait les plateformes sociales des marques doivent se mettre au service du client. Les m\u00e9dias sociaux deviennent au fil du temps un canal compl\u00e9mentaire qui va donner une visibilit\u00e9 \u00e0 l&rsquo;offre en direction d&rsquo;une client\u00e8le pas toujours accessible de mani\u00e8re traditionnelle.<\/span><\/p>\n<p><span style=\"font-weight: 400;\">L&rsquo;analyse de la social data prend tout son sens aussi dans ce contexte : les insights r\u00e9v\u00e9l\u00e9s, peuvent et doivent rendre possible l&rsquo;optimisation des prix et de l\u2019exp\u00e9rience dans les points de vente. L\u2019objectif \u00e9tant d\u2019aboutir \u00e0 un meilleur positionnement face \u00e0 la concurrence gr\u00e2ce \u00e0 une adaptation en temps r\u00e9el. \u00bb<\/span><\/p>\n<p><img loading=\"lazy\" decoding=\"async\" class=\"aligncenter wp-image-65971 size-large\" src=\"https:\/\/www.brandwatch.com\/fr\/wp-content\/uploads\/2017\/09\/iStock-613344892-1024x538.jpg\" alt=\"\" width=\"940\" height=\"494\" \/><\/p>\n<p><span style=\"font-weight: 400;\"><strong>Jean-Marc<\/strong>\u00a0&#8211; \u00ab\u00a0<\/span><span style=\"font-weight: 400;\">Personnellement je pense que la data, notamment avec l\u2019intelligence artificielle et le deep learning vont permettre de mieux comprendre les besoins et demandes clients y compris dans leurs \u00ab\u00a0non dits\u00a0\u00bb.<\/span><\/p>\n<p><span style=\"font-weight: 400;\">Pour moi les outils digitaux \u00e0 disposition doivent \u00eatre approch\u00e9s comme suit \u00ab\u00a0Dis moi quel est ton objectif, je te dirai de quel outil digital tu as besoin\u2019\u2019.<\/span><\/p>\n<p><span style=\"font-weight: 400;\">Il est important de comprendre que le digital n\u2019est pas une r\u00e9ponse \u00e0 tout. Le pivot central du digital sera mobile. Quant aux r\u00e9seaux sociaux il faudra distinguer ceux de type Wechat int\u00e9grant paiement et boutiques en ligne, des r\u00e9seaux comme Snapchat ou Pinterest qui tiennent davantage un r\u00f4le d\u2019influence, de r\u00e9putation et d\u2019\u00e9v\u00e9nementialisation mais qui ne sont pas n\u00e9cessairement des r\u00e9seaux de vente.<\/span><\/p>\n<p><span style=\"font-weight: 400;\">Mais l\u2019enjeu principal sera d\u2019int\u00e9grer l\u2019humain et l&rsquo;exp\u00e9rience physique au digital. \u00bb<\/span><\/p>\n<h2>Enfin, quels sont les principaux challenges pour les distributeurs alimentaires aujourd\u2019hui ?<\/h2>\n<p><strong>Anthony &#8211; \u00ab\u00a0<\/strong><span style=\"font-weight: 400;\">Le gaspillage alimentaire est un d\u00e9fi pour les entreprises, rendu encore plus cons\u00e9quent par les diff\u00e9rentes <\/span><a href=\"https:\/\/www.challenges.fr\/france\/la-loi-sur-le-gaspillage-alimentaire-%20definitivement-adoptee_41487\" target=\"_blank\" rel=\"noopener\"><span style=\"font-weight: 400;\">dispositions<\/span><\/a><span style=\"font-weight: 400;\"> prises d\u00e9but 2016. Par cons\u00e9quent le digital joue un r\u00f4le de premier ordre dans ce challenge, afin notamment de mieux encadrer la gestion des invendus. <\/span><\/p>\n<p><span style=\"font-weight: 400;\">Les clients de plus en plus \u00e9quip\u00e9s de smartphone bousculent aussi profond\u00e9ment l&rsquo;approche du commerce en magasin. C&rsquo;est donc une obligation pour les distributeurs alimentaires, de tenir compte de ce ph\u00e9nom\u00e8ne, avec une adaptation &laquo;&nbsp;digitale&nbsp;&raquo; des usages. Pour finir c&rsquo;est une interaction client multicanale que doit mener un distributeur aujourd&rsquo;hui, avec un fondement orient\u00e9 campagnes SMS ou e-mailing. \u00bb<\/span><\/p>\n<p class=\"p1\">[bw_also_like id=&nbsp;&raquo;63149&Prime; title =&nbsp;&raquo;Vous aimerez aussi&nbsp;&raquo; button_text=&nbsp;&raquo;Lire l\u2019article&nbsp;&raquo;]<\/p>\n<p><strong>Jean-Marc &#8211; \u00ab\u00a0<\/strong><span style=\"font-weight: 400;\">Il en existe plusieurs mais parmi les principaux on peut citer les suivants :<\/span><\/p>\n<ul>\n<li style=\"font-weight: 400;\"><span style=\"font-weight: 400;\">Contrer les places de march\u00e9 et principalement Amazon capables de fournir des services comme la livraison en 1 heure sur des produits de n\u00e9cessit\u00e9, ou encore Zalando avec le \u00ab\u00a0z\u00e9ro risque\u00a0\u00bb.<\/span><\/li>\n<li style=\"font-weight: 400;\"><span style=\"font-weight: 400;\">Savoir r\u00e9pondre \u00e0 un consommateur de plus en plus exigeant et infid\u00e8le.<\/span><\/li>\n<\/ul>\n<ul>\n<li style=\"font-weight: 400;\"><span style=\"font-weight: 400;\">Int\u00e9grer des collaborateurs de nouvelle g\u00e9n\u00e9ration, pour qui le digital est totalement int\u00e9gr\u00e9 et donc en mesure de mieux comprendre les clients et leur process. <\/span><\/li>\n<li style=\"font-weight: 400;\"><span style=\"font-weight: 400;\">Le commerce \u00ab\u00a0sans fronti\u00e8res\u00a0\u00bb\u00a0: acheter sur AliExpress ou sur les sites \u2018\u2019hors zones\u2019\u2019 n\u2019est plus un probl\u00e8me, et les leaders vont concentrer les plates formes.<\/span><\/li>\n<li style=\"font-weight: 400;\"><span style=\"font-weight: 400;\">La boulimie algorithmique \u00bb<\/span><\/li>\n<\/ul>\n<p class=\"p1\">[bw_banner_cta type=1 title=&nbsp;&raquo;\u00c9tude : La distribution alimentaire&nbsp;&raquo; image=&nbsp;&raquo;https:\/\/www.brandwatch.com\/fr\/wp-content\/uploads\/2017\/07\/Thumbnail.png&nbsp;&raquo; url=&nbsp;&raquo;https:\/\/www.brandwatch.com\/fr\/reports\/distribution-alimentaire\/&nbsp;&raquo; button=&nbsp;&raquo;Obtenir l&rsquo;\u00e9tude&nbsp;&raquo;]D\u00e9couvrez comment mieux communiquer et comprendre les consommateurs gr\u00e2ce au social listening.[\/bw_banner_cta]<\/p>\n","protected":false},"excerpt":{"rendered":"<p>Voici le troisi\u00e8me et dernier article de notre s\u00e9rie #AskTheExperts sur la distribution et le retail.\u00a0Cette fois, nous nous sommes entretenus avec 3 sp\u00e9cialistes. Les Experts du Web Maud Jenni Maud est CMO et co-fondatrice de l&rsquo;agence Les experts du Web. Auparavant, elle a occup\u00e9 le poste de directrice e-commerce et a travaill\u00e9 avec de [&hellip;]<\/p>\n","protected":false},"author":231,"featured_media":65939,"comment_status":"closed","ping_status":"closed","sticky":false,"template":"","format":"standard","meta":{"_acf_changed":false},"categories":[34,3479,3122,3812],"tags":[],"class_list":["post-65936","post","type-post","status-publish","format-standard","has-post-thumbnail","hentry","category-communaute","category-marketing","category-observation","category-parole-dexperts"],"acf":[],"_links":{"self":[{"href":"https:\/\/www.brandwatch.com\/fr\/wp-json\/wp\/v2\/posts\/65936","targetHints":{"allow":["GET"]}}],"collection":[{"href":"https:\/\/www.brandwatch.com\/fr\/wp-json\/wp\/v2\/posts"}],"about":[{"href":"https:\/\/www.brandwatch.com\/fr\/wp-json\/wp\/v2\/types\/post"}],"author":[{"embeddable":true,"href":"https:\/\/www.brandwatch.com\/fr\/wp-json\/wp\/v2\/users\/231"}],"replies":[{"embeddable":true,"href":"https:\/\/www.brandwatch.com\/fr\/wp-json\/wp\/v2\/comments?post=65936"}],"version-history":[{"count":0,"href":"https:\/\/www.brandwatch.com\/fr\/wp-json\/wp\/v2\/posts\/65936\/revisions"}],"wp:featuredmedia":[{"embeddable":true,"href":"https:\/\/www.brandwatch.com\/fr\/wp-json\/wp\/v2\/media\/65939"}],"wp:attachment":[{"href":"https:\/\/www.brandwatch.com\/fr\/wp-json\/wp\/v2\/media?parent=65936"}],"wp:term":[{"taxonomy":"category","embeddable":true,"href":"https:\/\/www.brandwatch.com\/fr\/wp-json\/wp\/v2\/categories?post=65936"},{"taxonomy":"post_tag","embeddable":true,"href":"https:\/\/www.brandwatch.com\/fr\/wp-json\/wp\/v2\/tags?post=65936"}],"curies":[{"name":"wp","href":"https:\/\/api.w.org\/{rel}","templated":true}]}}